{"id":85061,"date":"2016-08-25T11:20:57","date_gmt":"2016-08-25T08:20:57","guid":{"rendered":"http:\/\/www.sana.sy\/tr\/?p=85061"},"modified":"2016-08-25T14:50:42","modified_gmt":"2016-08-25T11:50:42","slug":"irak-disisleri-bakanligi-resmi-sozcusu-ahmet-cemal-irak-enformasyonu-haber-ajansinin-aktardigi-bulteninde-muallimin-resmi-is-gezisi-kapsaminda-irak-baskani-fuat-masum-basbakan-haydar-el-abb","status":"publish","type":"post","link":"https:\/\/archive.sana.sy\/tr\/?p=85061","title":{"rendered":"Irak D\u0131\u015fi\u015fleri Bakanl\u0131\u011f\u0131 resmi s\u00f6zc\u00fcs\u00fc Ahmet Cemal Irak Enformasyonu Haber Ajans\u0131n\u0131n aktard\u0131\u011f\u0131 b\u00fclteninde; Muallim\u2019in resmi i\u015f gezisi kapsam\u0131nda Irak Ba\u015fkan\u0131 Fuat Masum, Ba\u015fbakan Haydar el Abbadi ve Irakl\u0131 mevkida\u015f\u0131 \u0130brahim el Caferi ile ortak \u00f6nem ta\u015f\u0131yan meseleleri masaya yat\u0131raca\u011f\u0131n\u0131 ilan etti."},"content":{"rendered":"<p>Irak D\u0131\u015fi\u015fleri Bakanl\u0131\u011f\u0131 resmi s\u00f6zc\u00fcs\u00fc Ahmet Cemal Irak Enformasyonu Haber Ajans\u0131n\u0131n aktard\u0131\u011f\u0131 b\u00fclteninde; Muallim\u2019in resmi i\u015f gezisi kapsam\u0131nda Irak Ba\u015fkan\u0131 Fuat Masum, Ba\u015fbakan Haydar el Abbadi ve Irakl\u0131 mevkida\u015f\u0131 \u0130brahim el Caferi ile ortak \u00f6nem ta\u015f\u0131yan meseleleri masaya yat\u0131raca\u011f\u0131n\u0131 ilan etti.<\/p>\n","protected":false},"excerpt":{"rendered":"<p>Irak D\u0131\u015fi\u015fleri Bakanl\u0131\u011f\u0131 resmi s\u00f6zc\u00fcs\u00fc Ahmet Cemal Irak Enformasyonu Haber Ajans\u0131n\u0131n aktard\u0131\u011f\u0131 b\u00fclteninde; Muallim\u2019in resmi i\u015f gezisi kapsam\u0131nda Irak Ba\u015fkan\u0131 Fuat Masum, Ba\u015fbakan Haydar el Abbadi ve Irakl\u0131 mevkida\u015f\u0131 \u0130brahim el Caferi ile ortak \u00f6nem ta\u015f\u0131yan meseleleri masaya yat\u0131raca\u011f\u0131n\u0131 ilan etti.<\/p>\n","protected":false},"author":1,"featured_media":0,"comment_status":"closed","ping_status":"closed","sticky":false,"template":"","format":"standard","meta":{"footnotes":""},"categories":[17991],"tags":[],"class_list":["post-85061","post","type-post","status-publish","format-standard","","category-son-dakika"],"_links":{"self":[{"href":"https:\/\/archive.sana.sy\/tr\/index.php?rest_route=\/wp\/v2\/posts\/85061","targetHints":{"allow":["GET"]}}],"collection":[{"href":"https:\/\/archive.sana.sy\/tr\/index.php?rest_route=\/wp\/v2\/posts"}],"about":[{"href":"https:\/\/archive.sana.sy\/tr\/index.php?rest_route=\/wp\/v2\/types\/post"}],"author":[{"embeddable":true,"href":"https:\/\/archive.sana.sy\/tr\/index.php?rest_route=\/wp\/v2\/users\/1"}],"replies":[{"embeddable":true,"href":"https:\/\/archive.sana.sy\/tr\/index.php?rest_route=%2Fwp%2Fv2%2Fcomments&post=85061"}],"version-history":[{"count":0,"href":"https:\/\/archive.sana.sy\/tr\/index.php?rest_route=\/wp\/v2\/posts\/85061\/revisions"}],"wp:attachment":[{"href":"https:\/\/archive.sana.sy\/tr\/index.php?rest_route=%2Fwp%2Fv2%2Fmedia&parent=85061"}],"wp:term":[{"taxonomy":"category","embeddable":true,"href":"https:\/\/archive.sana.sy\/tr\/index.php?rest_route=%2Fwp%2Fv2%2Fcategories&post=85061"},{"taxonomy":"post_tag","embeddable":true,"href":"https:\/\/archive.sana.sy\/tr\/index.php?rest_route=%2Fwp%2Fv2%2Ftags&post=85061"}],"curies":[{"name":"wp","href":"https:\/\/api.w.org\/{rel}","templated":true}]}}