{"id":85069,"date":"2016-08-25T12:03:20","date_gmt":"2016-08-25T09:03:20","guid":{"rendered":"http:\/\/www.sana.sy\/tr\/?p=85069"},"modified":"2016-08-25T15:04:22","modified_gmt":"2016-08-25T12:04:22","slug":"sana-muhabiri-tel-el-kare-bolgesindeki-ordu-birliklerimizin-bolgeye-yeniden-saldirmaya-calisan-fetih-ordusuna-tabi-teroristlerle-siddetli-catismalara-girdiklerini-aktardi","status":"publish","type":"post","link":"https:\/\/archive.sana.sy\/tr\/?p=85069","title":{"rendered":"SANA muhabiri Tel el Kare B\u00f6lgesindeki ordu birliklerimizin b\u00f6lgeye yeniden sald\u0131rmaya \u00e7al\u0131\u015fan \u2018Fetih Ordusu\u2019na tabi ter\u00f6ristlerle \u015fiddetli \u00e7at\u0131\u015fmalara girdiklerini aktard\u0131"},"content":{"rendered":"<p>SANA muhabiri Tel el Kare B\u00f6lgesindeki ordu birliklerimizin b\u00f6lgeye yeniden sald\u0131rmaya \u00e7al\u0131\u015fan \u2018Fetih Ordusu\u2019na tabi ter\u00f6ristlerle \u015fiddetli \u00e7at\u0131\u015fmalara girdiklerini aktard\u0131<\/p>\n","protected":false},"excerpt":{"rendered":"<p>SANA muhabiri Tel el Kare B\u00f6lgesindeki ordu birliklerimizin b\u00f6lgeye yeniden sald\u0131rmaya \u00e7al\u0131\u015fan \u2018Fetih Ordusu\u2019na tabi ter\u00f6ristlerle \u015fiddetli \u00e7at\u0131\u015fmalara girdiklerini aktard\u0131<\/p>\n","protected":false},"author":1,"featured_media":0,"comment_status":"closed","ping_status":"closed","sticky":false,"template":"","format":"standard","meta":{"footnotes":""},"categories":[17991],"tags":[],"class_list":["post-85069","post","type-post","status-publish","format-standard","","category-son-dakika"],"_links":{"self":[{"href":"https:\/\/archive.sana.sy\/tr\/index.php?rest_route=\/wp\/v2\/posts\/85069","targetHints":{"allow":["GET"]}}],"collection":[{"href":"https:\/\/archive.sana.sy\/tr\/index.php?rest_route=\/wp\/v2\/posts"}],"about":[{"href":"https:\/\/archive.sana.sy\/tr\/index.php?rest_route=\/wp\/v2\/types\/post"}],"author":[{"embeddable":true,"href":"https:\/\/archive.sana.sy\/tr\/index.php?rest_route=\/wp\/v2\/users\/1"}],"replies":[{"embeddable":true,"href":"https:\/\/archive.sana.sy\/tr\/index.php?rest_route=%2Fwp%2Fv2%2Fcomments&post=85069"}],"version-history":[{"count":0,"href":"https:\/\/archive.sana.sy\/tr\/index.php?rest_route=\/wp\/v2\/posts\/85069\/revisions"}],"wp:attachment":[{"href":"https:\/\/archive.sana.sy\/tr\/index.php?rest_route=%2Fwp%2Fv2%2Fmedia&parent=85069"}],"wp:term":[{"taxonomy":"category","embeddable":true,"href":"https:\/\/archive.sana.sy\/tr\/index.php?rest_route=%2Fwp%2Fv2%2Fcategories&post=85069"},{"taxonomy":"post_tag","embeddable":true,"href":"https:\/\/archive.sana.sy\/tr\/index.php?rest_route=%2Fwp%2Fv2%2Ftags&post=85069"}],"curies":[{"name":"wp","href":"https:\/\/api.w.org\/{rel}","templated":true}]}}