{"id":85073,"date":"2016-08-25T10:04:25","date_gmt":"2016-08-25T07:04:25","guid":{"rendered":"http:\/\/www.sana.sy\/tr\/?p=85073"},"modified":"2016-08-26T11:09:07","modified_gmt":"2016-08-26T08:09:07","slug":"ya-istemiyor-ya-da-buna-gucu-yok","status":"publish","type":"post","link":"https:\/\/archive.sana.sy\/tr\/?p=85073","title":{"rendered":"Ya \u0130stemiyor, Ya da Buna G\u00fcc\u00fc Yok"},"content":{"rendered":"<p>MOSKOVA \u2013 Rusya D\u0131\u015fi\u015fleri Bakan\u0131 Sergey Lavrov ABD\u2019yi, Suriye&#8217;de \u2018mutedil muhalifler\u2019 ad\u0131n\u0131 verip destekledi\u011fi silahl\u0131 gruplar\u0131 ter\u00f6rist gruplardan ay\u0131rma konusunda bulundu\u011fu taahh\u00fctleri yerine getirmeye \u00e7a\u011f\u0131rd\u0131.<\/p>\n<p>Lavrov bug\u00fcn yapt\u0131\u011f\u0131 bas\u0131n a\u00e7\u0131klamas\u0131nda; ABD\u2019nin aynaya daha iyi bir \u015fekilde bakmas\u0131 ve ge\u00e7en Aral\u0131k ay\u0131nda \u2018kendilerine tabi olarak sayd\u0131klar\u0131 mutedil muhalifleri\u2019 ter\u00f6r \u00f6rg\u00fctlerden ay\u0131rma konusunda bulundu\u011fu taahh\u00fctleri yerine getirmesi gerekti\u011finin alt\u0131n\u0131 \u00e7izdi. ABD\u2019nin muhtemelen b\u00f6yle bir \u015feyi yapmak istemedi\u011fine i\u015faret eden Lavrov, ya da bunu yapma g\u00fcc\u00fcne sahip olamad\u0131\u011f\u0131na da dikkat \u00e7ekti.<\/p>\n","protected":false},"excerpt":{"rendered":"<p>MOSKOVA \u2013 Rusya D\u0131\u015fi\u015fleri Bakan\u0131 Sergey Lavrov ABD\u2019yi, Suriye&#8217;de \u2018mutedil muhalifler\u2019 ad\u0131n\u0131 verip destekledi\u011fi silahl\u0131 gruplar\u0131 ter\u00f6rist gruplardan ay\u0131rma konusunda bulundu\u011fu taahh\u00fctleri yerine getirmeye \u00e7a\u011f\u0131rd\u0131. Lavrov bug\u00fcn yapt\u0131\u011f\u0131 bas\u0131n a\u00e7\u0131klamas\u0131nda; ABD\u2019nin aynaya daha iyi bir \u015fekilde bakmas\u0131 ve ge\u00e7en Aral\u0131k ay\u0131nda \u2018kendilerine tabi olarak sayd\u0131klar\u0131 mutedil muhalifleri\u2019 ter\u00f6r \u00f6rg\u00fctlerden ay\u0131rma konusunda bulundu\u011fu taahh\u00fctleri yerine getirmesi &hellip;<\/p>\n","protected":false},"author":1,"featured_media":85085,"comment_status":"closed","ping_status":"closed","sticky":false,"template":"","format":"standard","meta":{"footnotes":""},"categories":[458,459,17988],"tags":[23433,19484,3846,7657],"class_list":["post-85073","post","type-post","status-publish","format-standard","has-post-thumbnail","","category-dunya1","category-haberler-arap-uluslararasi-politika","category-son-haberler","tag-mutedil-muhalifler","tag-rusya-disisleri-bakani","tag-sergey-lavrov","tag-teror-orgutleri"],"_links":{"self":[{"href":"https:\/\/archive.sana.sy\/tr\/index.php?rest_route=\/wp\/v2\/posts\/85073","targetHints":{"allow":["GET"]}}],"collection":[{"href":"https:\/\/archive.sana.sy\/tr\/index.php?rest_route=\/wp\/v2\/posts"}],"about":[{"href":"https:\/\/archive.sana.sy\/tr\/index.php?rest_route=\/wp\/v2\/types\/post"}],"author":[{"embeddable":true,"href":"https:\/\/archive.sana.sy\/tr\/index.php?rest_route=\/wp\/v2\/users\/1"}],"replies":[{"embeddable":true,"href":"https:\/\/archive.sana.sy\/tr\/index.php?rest_route=%2Fwp%2Fv2%2Fcomments&post=85073"}],"version-history":[{"count":0,"href":"https:\/\/archive.sana.sy\/tr\/index.php?rest_route=\/wp\/v2\/posts\/85073\/revisions"}],"wp:featuredmedia":[{"embeddable":true,"href":"https:\/\/archive.sana.sy\/tr\/index.php?rest_route=\/wp\/v2\/media\/85085"}],"wp:attachment":[{"href":"https:\/\/archive.sana.sy\/tr\/index.php?rest_route=%2Fwp%2Fv2%2Fmedia&parent=85073"}],"wp:term":[{"taxonomy":"category","embeddable":true,"href":"https:\/\/archive.sana.sy\/tr\/index.php?rest_route=%2Fwp%2Fv2%2Fcategories&post=85073"},{"taxonomy":"post_tag","embeddable":true,"href":"https:\/\/archive.sana.sy\/tr\/index.php?rest_route=%2Fwp%2Fv2%2Ftags&post=85073"}],"curies":[{"name":"wp","href":"https:\/\/api.w.org\/{rel}","templated":true}]}}