{"id":85074,"date":"2016-08-25T12:07:02","date_gmt":"2016-08-25T09:07:02","guid":{"rendered":"http:\/\/www.sana.sy\/tr\/?p=85074"},"modified":"2016-08-25T15:06:54","modified_gmt":"2016-08-25T12:06:54","slug":"muhabir-catismalarda-aralarinda-fetih-ordusunun-saha-komutanlarindan-yemenli-ebu-adil-lakapli-teror-elebasi-ve-grubundaki-tum-teroristlerin-bulundugu-onlarca-terori","status":"publish","type":"post","link":"https:\/\/archive.sana.sy\/tr\/?p=85074","title":{"rendered":"Muhabir \u00e7at\u0131\u015fmalarda aralar\u0131nda \u2018Fetih Ordusu\u2019nun saha komutanlar\u0131ndan Yemenli \u2018Ebu Adil\u2019 lakapl\u0131 ter\u00f6r eleba\u015f\u0131 ve grubundaki t\u00fcm ter\u00f6ristlerin bulundu\u011fu onlarca ter\u00f6ristin ara\u00e7 ve cephaneleriyle birlikte etkisiz hale getirildiklerini kaydetti."},"content":{"rendered":"<p>Muhabir \u00e7at\u0131\u015fmalarda aralar\u0131nda \u2018Fetih Ordusu\u2019nun saha komutanlar\u0131ndan Yemenli \u2018Ebu Adil\u2019 lakapl\u0131 ter\u00f6r eleba\u015f\u0131 ve grubundaki t\u00fcm ter\u00f6ristlerin bulundu\u011fu onlarca ter\u00f6ristin ara\u00e7 ve cephaneleriyle birlikte etkisiz hale getirildiklerini kaydetti.<\/p>\n","protected":false},"excerpt":{"rendered":"<p>Muhabir \u00e7at\u0131\u015fmalarda aralar\u0131nda \u2018Fetih Ordusu\u2019nun saha komutanlar\u0131ndan Yemenli \u2018Ebu Adil\u2019 lakapl\u0131 ter\u00f6r eleba\u015f\u0131 ve grubundaki t\u00fcm ter\u00f6ristlerin bulundu\u011fu onlarca ter\u00f6ristin ara\u00e7 ve cephaneleriyle birlikte etkisiz hale getirildiklerini kaydetti.<\/p>\n","protected":false},"author":1,"featured_media":0,"comment_status":"closed","ping_status":"closed","sticky":false,"template":"","format":"standard","meta":{"footnotes":""},"categories":[17991],"tags":[],"class_list":["post-85074","post","type-post","status-publish","format-standard","","category-son-dakika"],"_links":{"self":[{"href":"https:\/\/archive.sana.sy\/tr\/index.php?rest_route=\/wp\/v2\/posts\/85074","targetHints":{"allow":["GET"]}}],"collection":[{"href":"https:\/\/archive.sana.sy\/tr\/index.php?rest_route=\/wp\/v2\/posts"}],"about":[{"href":"https:\/\/archive.sana.sy\/tr\/index.php?rest_route=\/wp\/v2\/types\/post"}],"author":[{"embeddable":true,"href":"https:\/\/archive.sana.sy\/tr\/index.php?rest_route=\/wp\/v2\/users\/1"}],"replies":[{"embeddable":true,"href":"https:\/\/archive.sana.sy\/tr\/index.php?rest_route=%2Fwp%2Fv2%2Fcomments&post=85074"}],"version-history":[{"count":0,"href":"https:\/\/archive.sana.sy\/tr\/index.php?rest_route=\/wp\/v2\/posts\/85074\/revisions"}],"wp:attachment":[{"href":"https:\/\/archive.sana.sy\/tr\/index.php?rest_route=%2Fwp%2Fv2%2Fmedia&parent=85074"}],"wp:term":[{"taxonomy":"category","embeddable":true,"href":"https:\/\/archive.sana.sy\/tr\/index.php?rest_route=%2Fwp%2Fv2%2Fcategories&post=85074"},{"taxonomy":"post_tag","embeddable":true,"href":"https:\/\/archive.sana.sy\/tr\/index.php?rest_route=%2Fwp%2Fv2%2Ftags&post=85074"}],"curies":[{"name":"wp","href":"https:\/\/api.w.org\/{rel}","templated":true}]}}