{"id":85075,"date":"2016-08-25T11:50:09","date_gmt":"2016-08-25T08:50:09","guid":{"rendered":"http:\/\/www.sana.sy\/tr\/?p=85075"},"modified":"2016-08-25T15:18:58","modified_gmt":"2016-08-25T12:18:58","slug":"dera-ve-kirsalinda-israil-ve-al-suud-rejimine-tabi-tekfirci-teroristlere-yonelik-operasyonlarda-askeri-bir-kaynak-vatan-koruyucularimizin-urdun-sinirlarina-yakin-olmasiyla-tekfircilerin-ana-karargahla","status":"publish","type":"post","link":"https:\/\/archive.sana.sy\/tr\/?p=85075","title":{"rendered":"Dera ve k\u0131rsal\u0131nda \u0130srail ve Al Suud rejimine tabi tekfirci ter\u00f6ristlere y\u00f6nelik operasyonlarda askeri bir kaynak vatan koruyucular\u0131m\u0131z\u0131n \u00dcrd\u00fcn s\u0131n\u0131rlar\u0131na yak\u0131n olmas\u0131yla tekfircilerin ana karargahlar\u0131ndan biri say\u0131lan Dera Beled ve Dera Mahatta b\u00f6lgelerinde ter\u00f6ristlerin karargah ve mevkilerine nitelikli operasyonlarda bulunduklar\u0131n\u0131 kaydetti."},"content":{"rendered":"<p>Dera ve k\u0131rsal\u0131nda \u0130srail ve Al Suud rejimine tabi tekfirci ter\u00f6ristlere y\u00f6nelik operasyonlarda askeri bir kaynak vatan koruyucular\u0131m\u0131z\u0131n \u00dcrd\u00fcn s\u0131n\u0131rlar\u0131na yak\u0131n olmas\u0131yla tekfircilerin ana karargahlar\u0131ndan biri say\u0131lan Dera Beled ve Dera Mahatta b\u00f6lgelerinde ter\u00f6ristlerin karargah ve mevkilerine nitelikli operasyonlarda bulunduklar\u0131n\u0131 kaydetti.<\/p>\n","protected":false},"excerpt":{"rendered":"<p>Dera ve k\u0131rsal\u0131nda \u0130srail ve Al Suud rejimine tabi tekfirci ter\u00f6ristlere y\u00f6nelik operasyonlarda askeri bir kaynak vatan koruyucular\u0131m\u0131z\u0131n \u00dcrd\u00fcn s\u0131n\u0131rlar\u0131na yak\u0131n olmas\u0131yla tekfircilerin ana karargahlar\u0131ndan biri say\u0131lan Dera Beled ve Dera Mahatta b\u00f6lgelerinde ter\u00f6ristlerin karargah ve mevkilerine nitelikli operasyonlarda bulunduklar\u0131n\u0131 kaydetti.<\/p>\n","protected":false},"author":1,"featured_media":0,"comment_status":"closed","ping_status":"closed","sticky":false,"template":"","format":"standard","meta":{"footnotes":""},"categories":[17991],"tags":[],"class_list":["post-85075","post","type-post","status-publish","format-standard","","category-son-dakika"],"_links":{"self":[{"href":"https:\/\/archive.sana.sy\/tr\/index.php?rest_route=\/wp\/v2\/posts\/85075","targetHints":{"allow":["GET"]}}],"collection":[{"href":"https:\/\/archive.sana.sy\/tr\/index.php?rest_route=\/wp\/v2\/posts"}],"about":[{"href":"https:\/\/archive.sana.sy\/tr\/index.php?rest_route=\/wp\/v2\/types\/post"}],"author":[{"embeddable":true,"href":"https:\/\/archive.sana.sy\/tr\/index.php?rest_route=\/wp\/v2\/users\/1"}],"replies":[{"embeddable":true,"href":"https:\/\/archive.sana.sy\/tr\/index.php?rest_route=%2Fwp%2Fv2%2Fcomments&post=85075"}],"version-history":[{"count":0,"href":"https:\/\/archive.sana.sy\/tr\/index.php?rest_route=\/wp\/v2\/posts\/85075\/revisions"}],"wp:attachment":[{"href":"https:\/\/archive.sana.sy\/tr\/index.php?rest_route=%2Fwp%2Fv2%2Fmedia&parent=85075"}],"wp:term":[{"taxonomy":"category","embeddable":true,"href":"https:\/\/archive.sana.sy\/tr\/index.php?rest_route=%2Fwp%2Fv2%2Fcategories&post=85075"},{"taxonomy":"post_tag","embeddable":true,"href":"https:\/\/archive.sana.sy\/tr\/index.php?rest_route=%2Fwp%2Fv2%2Ftags&post=85075"}],"curies":[{"name":"wp","href":"https:\/\/api.w.org\/{rel}","templated":true}]}}