{"id":85080,"date":"2016-08-25T12:45:20","date_gmt":"2016-08-25T09:45:20","guid":{"rendered":"http:\/\/www.sana.sy\/tr\/?p=85080"},"modified":"2016-08-25T15:26:26","modified_gmt":"2016-08-25T12:26:26","slug":"rusya-disisleri-bakani-sergey-lavrov-abdyi-suriyede-mutedil-muhalifler-adini-verip-destekledigi-silahli-gruplari-terorist-gruplardan-ayirma-konusunda-bulundugu-taahhutler","status":"publish","type":"post","link":"https:\/\/archive.sana.sy\/tr\/?p=85080","title":{"rendered":"Rusya D\u0131\u015fi\u015fleri Bakan\u0131 Sergey Lavrov ABD\u2019yi, Suriye&#8217;de \u2018mutedil muhalifler\u2019 ad\u0131n\u0131 verip destekledi\u011fi silahl\u0131 gruplar\u0131 ter\u00f6rist gruplardan ay\u0131rma konusunda bulundu\u011fu taahh\u00fctleri yerine getirmeye \u00e7a\u011f\u0131rd\u0131"},"content":{"rendered":"<p>Rusya D\u0131\u015fi\u015fleri Bakan\u0131 Sergey Lavrov ABD\u2019yi, Suriye&#8217;de \u2018mutedil muhalifler\u2019 ad\u0131n\u0131 verip destekledi\u011fi silahl\u0131 gruplar\u0131 ter\u00f6rist gruplardan ay\u0131rma konusunda bulundu\u011fu taahh\u00fctleri yerine getirmeye \u00e7a\u011f\u0131rd\u0131<\/p>\n","protected":false},"excerpt":{"rendered":"<p>Rusya D\u0131\u015fi\u015fleri Bakan\u0131 Sergey Lavrov ABD\u2019yi, Suriye&#8217;de \u2018mutedil muhalifler\u2019 ad\u0131n\u0131 verip destekledi\u011fi silahl\u0131 gruplar\u0131 ter\u00f6rist gruplardan ay\u0131rma konusunda bulundu\u011fu taahh\u00fctleri yerine getirmeye \u00e7a\u011f\u0131rd\u0131<\/p>\n","protected":false},"author":1,"featured_media":0,"comment_status":"closed","ping_status":"closed","sticky":false,"template":"","format":"standard","meta":{"footnotes":""},"categories":[17991],"tags":[],"class_list":["post-85080","post","type-post","status-publish","format-standard","","category-son-dakika"],"_links":{"self":[{"href":"https:\/\/archive.sana.sy\/tr\/index.php?rest_route=\/wp\/v2\/posts\/85080","targetHints":{"allow":["GET"]}}],"collection":[{"href":"https:\/\/archive.sana.sy\/tr\/index.php?rest_route=\/wp\/v2\/posts"}],"about":[{"href":"https:\/\/archive.sana.sy\/tr\/index.php?rest_route=\/wp\/v2\/types\/post"}],"author":[{"embeddable":true,"href":"https:\/\/archive.sana.sy\/tr\/index.php?rest_route=\/wp\/v2\/users\/1"}],"replies":[{"embeddable":true,"href":"https:\/\/archive.sana.sy\/tr\/index.php?rest_route=%2Fwp%2Fv2%2Fcomments&post=85080"}],"version-history":[{"count":0,"href":"https:\/\/archive.sana.sy\/tr\/index.php?rest_route=\/wp\/v2\/posts\/85080\/revisions"}],"wp:attachment":[{"href":"https:\/\/archive.sana.sy\/tr\/index.php?rest_route=%2Fwp%2Fv2%2Fmedia&parent=85080"}],"wp:term":[{"taxonomy":"category","embeddable":true,"href":"https:\/\/archive.sana.sy\/tr\/index.php?rest_route=%2Fwp%2Fv2%2Fcategories&post=85080"},{"taxonomy":"post_tag","embeddable":true,"href":"https:\/\/archive.sana.sy\/tr\/index.php?rest_route=%2Fwp%2Fv2%2Ftags&post=85080"}],"curies":[{"name":"wp","href":"https:\/\/api.w.org\/{rel}","templated":true}]}}