{"id":85088,"date":"2016-08-25T09:15:18","date_gmt":"2016-08-25T06:15:18","guid":{"rendered":"http:\/\/www.sana.sy\/tr\/?p=85088"},"modified":"2016-08-26T11:21:56","modified_gmt":"2016-08-26T08:21:56","slug":"65-kg-cabtagon-ile-yakayi-ele-verdi","status":"publish","type":"post","link":"https:\/\/archive.sana.sy\/tr\/?p=85088","title":{"rendered":"65 kg Cabtagon ile Yakay\u0131 Ele Verdi"},"content":{"rendered":"<p>\u015eAM \u2013 \u0130\u00e7i\u015fleri Bakanl\u0131\u011f\u0131nda yetkili bir kaynak uyu\u015fturucuyla m\u00fccadele ekiplerinin soru\u015fturma ve takip operasyonu ard\u0131ndan bug\u00fcn \u015eam\u2019da uyu\u015fturucu ticareti yapan bir \u015fah\u0131s\u0131 tutuklad\u0131klar\u0131n\u0131 belirtti.<\/p>\n<p>Kaynak SANA\u2019ya a\u00e7\u0131klamas\u0131nda yakalanan \u015fah\u0131s\u0131n havzas\u0131nda elektrik kablolar\u0131 makaras\u0131na saklanm\u0131\u015f 65 kg cabtagon bulundu\u011funu kaydetti.<\/p>\n<p>\u00d6zellikle din \u00f6rt\u00fcs\u00fc alt\u0131nda saklanan radikal ter\u00f6ristler olmak \u00fczere masum halk\u0131n saflar\u0131nda ter\u00f6r estiren \u00e7eteler aras\u0131nda bu ve daha ba\u015fka uyu\u015fturucu kullan\u0131m\u0131n\u0131n gayet yo\u011fun oldu\u011fu biliniyor.<\/p>\n","protected":false},"excerpt":{"rendered":"<p>\u015eAM \u2013 \u0130\u00e7i\u015fleri Bakanl\u0131\u011f\u0131nda yetkili bir kaynak uyu\u015fturucuyla m\u00fccadele ekiplerinin soru\u015fturma ve takip operasyonu ard\u0131ndan bug\u00fcn \u015eam\u2019da uyu\u015fturucu ticareti yapan bir \u015fah\u0131s\u0131 tutuklad\u0131klar\u0131n\u0131 belirtti. Kaynak SANA\u2019ya a\u00e7\u0131klamas\u0131nda yakalanan \u015fah\u0131s\u0131n havzas\u0131nda elektrik kablolar\u0131 makaras\u0131na saklanm\u0131\u015f 65 kg cabtagon bulundu\u011funu kaydetti. \u00d6zellikle din \u00f6rt\u00fcs\u00fc alt\u0131nda saklanan radikal ter\u00f6ristler olmak \u00fczere masum halk\u0131n saflar\u0131nda ter\u00f6r estiren \u00e7eteler aras\u0131nda &hellip;<\/p>\n","protected":false},"author":1,"featured_media":85093,"comment_status":"closed","ping_status":"closed","sticky":false,"template":"","format":"standard","meta":{"footnotes":""},"categories":[485,486,479,17988,478],"tags":[18690,7190,19136,18689,17039],"class_list":["post-85088","post","type-post","status-publish","format-standard","has-post-thumbnail","","category-is-ve-sermaye","category-haberler-is-ve-sermaye","category-haberler-yerel","category-son-haberler","category-yerel","tag-cabtagon","tag-icisleri-bakanligi","tag-kacakcilik","tag-uyusturucu","tag-uyusturucuyla-mucadele"],"_links":{"self":[{"href":"https:\/\/archive.sana.sy\/tr\/index.php?rest_route=\/wp\/v2\/posts\/85088","targetHints":{"allow":["GET"]}}],"collection":[{"href":"https:\/\/archive.sana.sy\/tr\/index.php?rest_route=\/wp\/v2\/posts"}],"about":[{"href":"https:\/\/archive.sana.sy\/tr\/index.php?rest_route=\/wp\/v2\/types\/post"}],"author":[{"embeddable":true,"href":"https:\/\/archive.sana.sy\/tr\/index.php?rest_route=\/wp\/v2\/users\/1"}],"replies":[{"embeddable":true,"href":"https:\/\/archive.sana.sy\/tr\/index.php?rest_route=%2Fwp%2Fv2%2Fcomments&post=85088"}],"version-history":[{"count":0,"href":"https:\/\/archive.sana.sy\/tr\/index.php?rest_route=\/wp\/v2\/posts\/85088\/revisions"}],"wp:featuredmedia":[{"embeddable":true,"href":"https:\/\/archive.sana.sy\/tr\/index.php?rest_route=\/wp\/v2\/media\/85093"}],"wp:attachment":[{"href":"https:\/\/archive.sana.sy\/tr\/index.php?rest_route=%2Fwp%2Fv2%2Fmedia&parent=85088"}],"wp:term":[{"taxonomy":"category","embeddable":true,"href":"https:\/\/archive.sana.sy\/tr\/index.php?rest_route=%2Fwp%2Fv2%2Fcategories&post=85088"},{"taxonomy":"post_tag","embeddable":true,"href":"https:\/\/archive.sana.sy\/tr\/index.php?rest_route=%2Fwp%2Fv2%2Ftags&post=85088"}],"curies":[{"name":"wp","href":"https:\/\/api.w.org\/{rel}","templated":true}]}}