{"id":85092,"date":"2016-08-25T12:38:36","date_gmt":"2016-08-25T09:38:36","guid":{"rendered":"http:\/\/www.sana.sy\/tr\/?p=85092"},"modified":"2016-08-26T11:09:04","modified_gmt":"2016-08-26T08:09:04","slug":"asayis-guclerinin-sabote-ettikleri-santral-onarildi","status":"publish","type":"post","link":"https:\/\/archive.sana.sy\/tr\/?p=85092","title":{"rendered":"\u2018Asayi\u015f G\u00fc\u00e7lerinin\u2019 Sabote Ettikleri Santral Onar\u0131ld\u0131"},"content":{"rendered":"<p>HASEKE \u2013 Haseke \u0130l \u0130leti\u015fim M\u00fcd\u00fcrl\u00fc\u011f\u00fc Haseke Kentinde \u0130kinci Santrali onar\u0131m \u00e7al\u0131\u015fmalar\u0131n\u0131 tamamlayarak 6 semte telefon hizmetini yeniden temin etti.<\/p>\n<p>\u0130l \u0130leti\u015fim M\u00fcd\u00fcr\u00fc Cemil Bilal; Suriye resmi g\u00fc\u00e7leri ile K\u00fcrdistan \u0130\u015f\u00e7i Partisinin askeri kanad\u0131 \u2018asayi\u015f g\u00fc\u00e7leri\u2019 aras\u0131nda \u00e7at\u0131\u015fmalar\u0131n durdurulmas\u0131 ve hayat\u0131n normale d\u00f6nmesi ard\u0131ndan ar\u0131za ekiplerinin derhal yo\u011fun \u00e7al\u0131\u015fmalara ba\u015flayarak 10 g\u00fcnden fazla s\u00fcredir duran santrali onard\u0131klar\u0131n\u0131 a\u00e7\u0131klad\u0131. Bilal b\u00f6ylelikle Haseke kentinin Nasira, Kellase, Do\u011fu Ne\u015fva, Bat\u0131 Ne\u015fva, Dulab el Uvaydi ve Tel Hacer semtlerine telefon hizmetinin yeniden sa\u011fland\u0131\u011f\u0131n\u0131 belirtirken, santralin daimi bir \u015fekilde hizmet vermesi i\u00e7in ekiplerin yedek elektrik jenerat\u00f6rlerini onar\u0131m \u00e7al\u0131\u015fmalar\u0131n\u0131 s\u00fcrd\u00fcrd\u00fcklerini ifade etti.<\/p>\n<p>\u2018Asayi\u015f g\u00fc\u00e7leri\u2019 yakla\u015f\u0131k 10 g\u00fcn \u00f6nce kimi d\u0131\u015f g\u00fc\u00e7lerin provokasyonu ile Haseke Kentinde sivil yerle\u015fim alanlar\u0131, hizmet kurumlar\u0131 ve altyap\u0131ya sabotaj eylemlerinde bulunmu\u015flard\u0131.<\/p>\n","protected":false},"excerpt":{"rendered":"<p>HASEKE \u2013 Haseke \u0130l \u0130leti\u015fim M\u00fcd\u00fcrl\u00fc\u011f\u00fc Haseke Kentinde \u0130kinci Santrali onar\u0131m \u00e7al\u0131\u015fmalar\u0131n\u0131 tamamlayarak 6 semte telefon hizmetini yeniden temin etti. \u0130l \u0130leti\u015fim M\u00fcd\u00fcr\u00fc Cemil Bilal; Suriye resmi g\u00fc\u00e7leri ile K\u00fcrdistan \u0130\u015f\u00e7i Partisinin askeri kanad\u0131 \u2018asayi\u015f g\u00fc\u00e7leri\u2019 aras\u0131nda \u00e7at\u0131\u015fmalar\u0131n durdurulmas\u0131 ve hayat\u0131n normale d\u00f6nmesi ard\u0131ndan ar\u0131za ekiplerinin derhal yo\u011fun \u00e7al\u0131\u015fmalara ba\u015flayarak 10 g\u00fcnden fazla s\u00fcredir duran &hellip;<\/p>\n","protected":false},"author":1,"featured_media":85096,"comment_status":"closed","ping_status":"closed","sticky":false,"template":"","format":"standard","meta":{"footnotes":""},"categories":[479,17988,478],"tags":[23309,18006,19897,23434],"class_list":["post-85092","post","type-post","status-publish","format-standard","has-post-thumbnail","","category-haberler-yerel","category-son-haberler","category-yerel","tag-asayis-gucleri","tag-haseke-kenti","tag-suriyeli-kurtler","tag-telefon-santrali"],"_links":{"self":[{"href":"https:\/\/archive.sana.sy\/tr\/index.php?rest_route=\/wp\/v2\/posts\/85092","targetHints":{"allow":["GET"]}}],"collection":[{"href":"https:\/\/archive.sana.sy\/tr\/index.php?rest_route=\/wp\/v2\/posts"}],"about":[{"href":"https:\/\/archive.sana.sy\/tr\/index.php?rest_route=\/wp\/v2\/types\/post"}],"author":[{"embeddable":true,"href":"https:\/\/archive.sana.sy\/tr\/index.php?rest_route=\/wp\/v2\/users\/1"}],"replies":[{"embeddable":true,"href":"https:\/\/archive.sana.sy\/tr\/index.php?rest_route=%2Fwp%2Fv2%2Fcomments&post=85092"}],"version-history":[{"count":0,"href":"https:\/\/archive.sana.sy\/tr\/index.php?rest_route=\/wp\/v2\/posts\/85092\/revisions"}],"wp:featuredmedia":[{"embeddable":true,"href":"https:\/\/archive.sana.sy\/tr\/index.php?rest_route=\/wp\/v2\/media\/85096"}],"wp:attachment":[{"href":"https:\/\/archive.sana.sy\/tr\/index.php?rest_route=%2Fwp%2Fv2%2Fmedia&parent=85092"}],"wp:term":[{"taxonomy":"category","embeddable":true,"href":"https:\/\/archive.sana.sy\/tr\/index.php?rest_route=%2Fwp%2Fv2%2Fcategories&post=85092"},{"taxonomy":"post_tag","embeddable":true,"href":"https:\/\/archive.sana.sy\/tr\/index.php?rest_route=%2Fwp%2Fv2%2Ftags&post=85092"}],"curies":[{"name":"wp","href":"https:\/\/api.w.org\/{rel}","templated":true}]}}