{"id":85102,"date":"2016-08-25T16:20:17","date_gmt":"2016-08-25T13:20:17","guid":{"rendered":"http:\/\/www.sana.sy\/tr\/?p=85102"},"modified":"2016-08-26T11:08:57","modified_gmt":"2016-08-26T08:08:57","slug":"sinavi-gecen-tum-ogrenciler-yerlestirilecek","status":"publish","type":"post","link":"https:\/\/archive.sana.sy\/tr\/?p=85102","title":{"rendered":"S\u0131nav\u0131 Ge\u00e7en T\u00fcm \u00d6\u011frenciler Yerle\u015ftirilecek"},"content":{"rendered":"<p>\u015eAM \u2013 Ba\u015fbakan \u0130mad Hamis ba\u015fkanl\u0131\u011f\u0131ndaki \u00fcniversiteye kabul komitesi \u00fcniversiteye giri\u015f s\u0131navlar\u0131n\u0131 ba\u015far\u0131yla ge\u00e7en t\u00fcm \u00f6\u011frencileri 2016\/2017 \u00f6\u011fretim y\u0131l\u0131nda \u00fcniversitelere kabul etme karar\u0131 ald\u0131.<\/p>\n<p>Ba\u015fbakan Hamis ba\u015fkanl\u0131\u011f\u0131nda bug\u00fcn toplanan komite; \u00fcniversitelerde \u015fehit \u00e7ocuklar\u0131na ait sandalye say\u0131s\u0131n\u0131 da artt\u0131rma karar\u0131 ald\u0131.<\/p>\n<p>Ba\u015fbakanl\u0131k binas\u0131nda d\u00fczenlenen toplant\u0131da ayr\u0131ca komitenin \u00e7al\u0131\u015fma mekanizmas\u0131n\u0131 geli\u015ftirme ve Y\u00fcksek \u00d6\u011fretim Kurulunun \u00e7al\u0131\u015fmalar\u0131n\u0131 destekleyecek bir nitelik kazanmas\u0131n\u0131 sa\u011flama olanaklar\u0131 tart\u0131\u015f\u0131l\u0131rken, iki y\u0131ll\u0131k enstit\u00fclerden 4 y\u0131l ve \u00fcst\u00fc fak\u00fcltelere ge\u00e7i\u015f oran\u0131n\u0131 y\u00fckseltme karar\u0131 da al\u0131nd\u0131.<\/p>\n<p>Oturumda bir sunum takdim eden Y\u00fcksek \u00d6\u011fretim Bakanl\u0131\u011f\u0131; bu y\u0131l \u00fcniversiteye giri\u015f s\u0131navlar\u0131nda 39 bin 377 s\u00f6zelci, 72 bin 331 say\u0131salc\u0131n\u0131n s\u0131nav\u0131 kazand\u0131klar\u0131n\u0131 a\u00e7\u0131klarken t\u00fcm bunlar\u0131n \u015eam, Halep, Hama, Te\u015frin (Lazkiye), Baas (Homs) ve F\u0131rat (Rakka, Deyrezzor, Haseke) \u00fcniversitelerinin muhtelif fak\u00fclte ve enstit\u00fclerine al\u0131nacaklar\u0131n\u0131 a\u00e7\u0131klad\u0131.<\/p>\n","protected":false},"excerpt":{"rendered":"<p>\u015eAM \u2013 Ba\u015fbakan \u0130mad Hamis ba\u015fkanl\u0131\u011f\u0131ndaki \u00fcniversiteye kabul komitesi \u00fcniversiteye giri\u015f s\u0131navlar\u0131n\u0131 ba\u015far\u0131yla ge\u00e7en t\u00fcm \u00f6\u011frencileri 2016\/2017 \u00f6\u011fretim y\u0131l\u0131nda \u00fcniversitelere kabul etme karar\u0131 ald\u0131. Ba\u015fbakan Hamis ba\u015fkanl\u0131\u011f\u0131nda bug\u00fcn toplanan komite; \u00fcniversitelerde \u015fehit \u00e7ocuklar\u0131na ait sandalye say\u0131s\u0131n\u0131 da artt\u0131rma karar\u0131 ald\u0131. Ba\u015fbakanl\u0131k binas\u0131nda d\u00fczenlenen toplant\u0131da ayr\u0131ca komitenin \u00e7al\u0131\u015fma mekanizmas\u0131n\u0131 geli\u015ftirme ve Y\u00fcksek \u00d6\u011fretim Kurulunun \u00e7al\u0131\u015fmalar\u0131n\u0131 destekleyecek &hellip;<\/p>\n","protected":false},"author":1,"featured_media":85103,"comment_status":"closed","ping_status":"closed","sticky":false,"template":"","format":"standard","meta":{"footnotes":""},"categories":[479,17988,478],"tags":[17015,17013,23437,16591,12240,23436,23435],"class_list":["post-85102","post","type-post","status-publish","format-standard","has-post-thumbnail","","category-haberler-yerel","category-son-haberler","category-yerel","tag-bakanlar-konseyi","tag-hukumet","tag-sinavi-gecen-tum-ogrenciler-yerlestirilecek","tag-suriye","tag-suriye-hukumeti","tag-tum-ogrenciler-universiteye-kayit-yapacak","tag-universiteye-gisis"],"_links":{"self":[{"href":"https:\/\/archive.sana.sy\/tr\/index.php?rest_route=\/wp\/v2\/posts\/85102","targetHints":{"allow":["GET"]}}],"collection":[{"href":"https:\/\/archive.sana.sy\/tr\/index.php?rest_route=\/wp\/v2\/posts"}],"about":[{"href":"https:\/\/archive.sana.sy\/tr\/index.php?rest_route=\/wp\/v2\/types\/post"}],"author":[{"embeddable":true,"href":"https:\/\/archive.sana.sy\/tr\/index.php?rest_route=\/wp\/v2\/users\/1"}],"replies":[{"embeddable":true,"href":"https:\/\/archive.sana.sy\/tr\/index.php?rest_route=%2Fwp%2Fv2%2Fcomments&post=85102"}],"version-history":[{"count":0,"href":"https:\/\/archive.sana.sy\/tr\/index.php?rest_route=\/wp\/v2\/posts\/85102\/revisions"}],"wp:featuredmedia":[{"embeddable":true,"href":"https:\/\/archive.sana.sy\/tr\/index.php?rest_route=\/wp\/v2\/media\/85103"}],"wp:attachment":[{"href":"https:\/\/archive.sana.sy\/tr\/index.php?rest_route=%2Fwp%2Fv2%2Fmedia&parent=85102"}],"wp:term":[{"taxonomy":"category","embeddable":true,"href":"https:\/\/archive.sana.sy\/tr\/index.php?rest_route=%2Fwp%2Fv2%2Fcategories&post=85102"},{"taxonomy":"post_tag","embeddable":true,"href":"https:\/\/archive.sana.sy\/tr\/index.php?rest_route=%2Fwp%2Fv2%2Ftags&post=85102"}],"curies":[{"name":"wp","href":"https:\/\/api.w.org\/{rel}","templated":true}]}}