{"id":8516,"date":"2014-08-31T08:51:31","date_gmt":"2014-08-31T05:51:31","guid":{"rendered":"http:\/\/www.sana.sy\/tr\/?p=8516"},"modified":"2014-08-31T14:08:10","modified_gmt":"2014-08-31T11:08:10","slug":"teror-hucreleri-ve-guvenli-bolgelere-sizma-girisimleri-cokertildi","status":"publish","type":"post","link":"https:\/\/archive.sana.sy\/tr\/?p=8516","title":{"rendered":"Ter\u00f6r H\u00fccreleri ve G\u00fcvenli B\u00f6lgelere S\u0131zma Giri\u015fimleri \u00c7\u00f6kertildi"},"content":{"rendered":"<p>&nbsp;<\/p>\n<p>\u0130LLER \u2013 Kahraman ordu birliklerimizin ter\u00f6r ve kiral\u0131k ter\u00f6ristlere y\u00f6nelik operasyonlar\u0131 t\u00fcm h\u0131z\u0131yla s\u00fcr\u00fcyor. Operasyonlarda ter\u00f6ristler say\u0131 ve silah bak\u0131m\u0131ndan \u00e7ok a\u011f\u0131r kay\u0131plara u\u011frat\u0131ld\u0131lar.<\/p>\n<p><span style=\"color: #0000ff\">\u015eam K\u0131rsal\u0131nda Askeri Kontrol Noktalar\u0131na S\u0131zmalar\u0131 \u00c7\u00f6kertildi<\/span><\/p>\n<p>\u015eam K\u0131rsal\u0131nda ordu birliklerimizin Cobar Semti ile \u015eam K\u0131rsal\u0131n\u0131n K\u00f6y ve Beldelerinde toplanma merkezlerine y\u00f6nelik d\u00fczenledi\u011fi bir dizi operasyon sonucunda \u00e7ok say\u0131da ter\u00f6risti \u00f6l\u00fc ve yaral\u0131 d\u00fc\u015f\u00fcrerek h\u00fccreleriyle birlikte ellerindeki silah ve cephaneyi imha etti.<\/p>\n<div style=\"width: 618px;\" class=\"wp-video\"><!--[if lt IE 9]><script>document.createElement('video');<\/script><![endif]-->\n<video class=\"wp-video-shortcode\" id=\"video-8516-1\" width=\"618\" height=\"348\" preload=\"metadata\" controls=\"controls\"><source type=\"video\/x-flv\" src=\"http:\/\/www.sana.sy\/tr\/wp-content\/uploads\/2014\/08\/Cobarda-Ordu-Operasyonlar\u0131.flv?_=1\" \/><a href=\"http:\/\/www.sana.sy\/tr\/wp-content\/uploads\/2014\/08\/Cobarda-Ordu-Operasyonlar\u0131.flv\">http:\/\/www.sana.sy\/tr\/wp-content\/uploads\/2014\/08\/Cobarda-Ordu-Operasyonlar\u0131.flv<\/a><\/video><\/div>\n<p>Askeri kaynak SANA\u2019ya a\u00e7\u0131klamas\u0131nda, kahraman askeri birliklerimizin Cobar Semtinde bir \u00e7ok eksen \u00fczerinden operasyonlar\u0131n\u0131 s\u00fcrd\u00fcrd\u00fc\u011f\u00fcn\u00fc, Do\u011fu Guta\u2019n\u0131n muhtelif b\u00f6lgelerinde de silahl\u0131 ter\u00f6rist gruplar\u0131n\u0131n h\u00fccrelerini vurmaya devam ederek b\u00fcy\u00fck kay\u0131plara u\u011fratt\u0131klar\u0131n\u0131 s\u00f6yledi.<\/p>\n<p>Kaynak, ordu birliklerimizin \u015eam K\u0131rsal\u0131n\u0131n Ouja, Hou\u015f el Abbasiye ve Han el \u015eih b\u00f6lgelerinde ter\u00f6ristlerin toplanma merkezleri ve h\u00fccrelerini hedef almas\u0131 sonucunda \u00e7ok say\u0131da ter\u00f6risti \u00f6ld\u00fcrd\u00fcklerini 2 ara\u00e7lar\u0131n\u0131 da imha ettiklerini s\u00f6yledi.<\/p>\n<p>Askeri kaynak, ordu birliklerimizin \u015eam K\u0131rsal\u0131 Vaar el Zakiye\u2019den b\u00f6lgedeki askeri kontrol noktalar\u0131na y\u00f6nelik ter\u00f6ristlerin s\u0131zma giri\u015fimlerini \u00e7\u00f6kerterek \u00e7ok say\u0131da ter\u00f6risti \u00f6l\u00fc ve yaral\u0131 d\u00fc\u015f\u00fcrd\u00fcklerini belirtti.<\/p>\n<p>\u00d6te yandan SANA saha muhabiri, ordu birliklerimizin Cobar Semtinde aralar\u0131nda Suudili Mutab el Enezi, M\u0131s\u0131rl\u0131 H\u00fcseyin Abu Zeyd\u2019in bulundu\u011fu yabanc\u0131 uyruklu \u00e7ok say\u0131da ter\u00f6ristin \u00f6ld\u00fcr\u00fcld\u00fc\u011f\u00fcn\u00fc ifade ederek, ba\u015fka birliklerimizin Duma Aliye \u00c7iftliklerinde d\u00fczenledi\u011fi operasyon sonucunda da baz\u0131 ter\u00f6ristlerin \u00f6ld\u00fcr\u00fcld\u00fc\u011f\u00fcn\u00fc \u00f6len ter\u00f6ristlerden Halit Ahmet el Saur\u2019un kimli\u011finin belirlendi\u011fini s\u00f6yledi.<\/p>\n<p>\u015eam\u2019\u0131n Bat\u0131 K\u0131rsal\u0131nda da ordu birliklerimiz Zebedani el Mahatta Semtinde bir ter\u00f6r h\u00fccresini hedef almas\u0131 sonucunda aralar\u0131nda Halit Kuveyfi, Osman Rahme ve Arif Harita\u2019n\u0131n bulundu\u011fu \u00e7ok say\u0131da ter\u00f6risti \u00f6l\u00fc ve yaral\u0131 d\u00fc\u015f\u00fcrd\u00fc, Suriye-L\u00fcbnan s\u0131n\u0131r\u0131ndaki Kalamun da\u011flar\u0131ndaki Fleyta ve Ras el Maarra Beldelerinde yakla\u015f\u0131k 30 ter\u00f6rist \u00f6l\u00fc ve yaral\u0131 olarak etkisiz hale getirdi.<\/p>\n<p><span style=\"color: #0000ff\">Dera K\u0131rsal\u0131nda \u00c7ok Say\u0131da Ter\u00f6rist \u00d6l\u00fc ve Yaral\u0131 D\u00fc\u015f\u00fcr\u00fcld\u00fc<\/span><\/p>\n<p><a href=\"http:\/\/www.sana.sy\/tr\/wp-content\/uploads\/2014\/08\/dera.jpg\"><img loading=\"lazy\" decoding=\"async\" class=\"alignright wp-image-8602 size-medium\" src=\"http:\/\/www.sana.sy\/tr\/wp-content\/uploads\/2014\/08\/dera-300x163.jpg\" alt=\"dera\" width=\"300\" height=\"163\" srcset=\"https:\/\/archive.sana.sy\/tr\/wp-content\/uploads\/2014\/08\/dera-300x163.jpg 300w, https:\/\/archive.sana.sy\/tr\/wp-content\/uploads\/2014\/08\/dera-150x81.jpg 150w, https:\/\/archive.sana.sy\/tr\/wp-content\/uploads\/2014\/08\/dera.jpg 552w\" sizes=\"auto, (max-width: 300px) 100vw, 300px\" \/><\/a>Kaynak, ordu birliklerimizin Dera k\u0131rsal\u0131 Casim Beldesinden Anhel\u2019e y\u00f6nelmekte olan ter\u00f6ristlerin ara\u00e7lar\u0131n\u0131 hedef almas\u0131 sonucunda baz\u0131 ara\u00e7lar\u0131 imha ettiklerini i\u00e7indeki ter\u00f6ristleri de \u00f6ld\u00fcrd\u00fcklerini s\u00f6yledi.<\/p>\n<p>Kaynak, ordu birliklerimizin Atman Beldesi do\u011fusundaki Mena\u015fir B\u00f6lgesi ile Semlin-Zemrin kav\u015fa\u011f\u0131na yak\u0131n Medcene\u2019de \u00e7ok say\u0131da ter\u00f6risti \u00f6l\u00fc ve yaral\u0131 d\u00fc\u015f\u00fcrd\u00fcklerini ifade etti.<\/p>\n<p>Ordu birliklerimiz ayr\u0131ca, Cize Beldesi ile Dera Beled\u2019teki Teknik Enstit\u00fcs\u00fc \u00e7evresinde ter\u00f6ristlerin toplanma merkezlerini hedef almas\u0131 sonucunda baz\u0131 ter\u00f6ristleri \u00f6l\u00fc ve yaral\u0131 d\u00fc\u015f\u00fcrd\u00fc.<\/p>\n<p><span style=\"color: #0000ff\">Homs K\u0131rsal\u0131nda Ter\u00f6ristlerin S\u0131zma Giri\u015fimleri \u00c7\u00f6kertildi<\/span><\/p>\n<p>Askeri kaynak, kahraman birliklerimizin Homs do\u011fu k\u0131rsal\u0131 Resten el Vaara, Rahum, Sultaniye, el Fav\u015favi\u015f, Se\u015fam Garbi, Mesaada bve Um Ri\u015f ile Tedmur k\u0131rsal\u0131n\u0131n el Cezel Petrol Kuyusunun \u00e7evresinde ter\u00f6ristlerin toplanma merkezleri ve h\u00fccrelerini hedef almas\u0131 sonucunda \u00e7ok say\u0131da ter\u00f6risti \u00f6l\u00fc ve yaral\u0131 d\u00fc\u015f\u00fcrd\u00fcklerini Um \u015eer\u015fuh K\u00f6y\u00fcnde de i\u00e7indeki ter\u00f6ristlerle birlikte bir arac\u0131 etkisiz hale getirdiklerini belirtti.<\/p>\n<p>Kaynak, ordu birliklerimizin Homs do\u011fu k\u0131rsal\u0131 El Meh\u015fem ve el Batma K\u00f6ylerinden Um Cami\u2019deki g\u00fcvenli b\u00f6lgelere s\u0131zan giri\u015fimlerini \u00e7\u00f6kerttiklerini \u00e7\u0131kan \u00e7at\u0131\u015fmalarda \u00e7ok say\u0131da ter\u00f6ristin \u00f6l\u00fc ve yaral\u0131 d\u00fc\u015f\u00fcr\u00fcld\u00fcklerini s\u00f6yledi.<\/p>\n<p><span style=\"color: #0000ff\">Kunaytra K\u0131rsal\u0131nda Ter\u00f6ristlerin H\u00fccreleri Hedef Al\u0131nd\u0131<\/span><\/p>\n<p>Askeri kaynak, ordu birliklerimizin Kunaytra k\u0131rsal\u0131n\u0131n Nebi el Sahr, Bat\u0131 Samadaniye, Mecduliye ve do\u011fusundaki el Kina Orman\u0131 K\u00f6y ve Beldelerinde ter\u00f6ristlerin toplanma yer ve h\u00fccrelerini hedef almalar\u0131 sonucunda \u00e7ok say\u0131da ter\u00f6risti \u00f6l\u00fc ve yaral\u0131 d\u00fc\u015f\u00fcrd\u00fcklerini ellerindeki silah ve cephaneyi de imha ettiklerini s\u00f6yledi.<\/p>\n<p>Kaynak, ordu birliklerimizin Kodna Baraj\u0131ndan Ayn el Ba\u015fa ve Vadi el Rakad topraklar\u0131na do\u011fru s\u0131zma giri\u015fiminde bulunan ter\u00f6ristleri hedef almalar\u0131 sonucunda \u00e7ok say\u0131da ter\u00f6risti \u00f6l\u00fc ve yaral\u0131 d\u00fc\u015f\u00fcrd\u00fcklerini, bir di\u011fer birli\u011fimizin Resm el Akra\u2019dan Ayn el Ba\u015fa\u2019ya y\u00f6nelmekte olan baz\u0131 ter\u00f6ristleri \u00f6ld\u00fcrd\u00fcklerini ekledi.<\/p>\n<p>Ordu birliklerimiz Ruvehyne ve Bureyka Beldeleri \u00e7evresinde ter\u00f6ristlerin toplanma merkezlerini hedef almas\u0131 sonucunda baz\u0131 ter\u00f6ristleri \u00f6l\u00fc ve yaral\u0131 d\u00fc\u015f\u00fcrd\u00fc.<\/p>\n<p>Kaynak, Kunaytra k\u0131rsal\u0131 Ruveyhne Baraj\u0131 \u00e7evresindeki Ahmet \u015eubat K\u00f6y\u00fcnde ter\u00f6ristlerin toplanma merkezlerini hedef ald\u0131klar\u0131n\u0131 i\u00e7indeki ter\u00f6ristlerle birlikte a\u011f\u0131r taramal\u0131 silahlarla donat\u0131lm\u0131\u015f 6 ara\u00e7lar\u0131n\u0131 da imha ettiklerini s\u00f6yledi.<\/p>\n<p>Kaynak, k\u0131rsal\u0131n bat\u0131s\u0131ndaki Tel Ahmar\u2019da i\u00e7indeki ter\u00f6ristlerle birlikte 2 arac\u0131 etkisiz hale getirdiklerini belirtti.<\/p>\n<p><span style=\"color: #0000ff\">Halep ve K\u0131rsal\u0131nda Ter\u00f6ristler Silah ve Cephaneleriyle Etkisiz Hale Getirildiler<\/span><\/p>\n<p>Askeri kaynak, ordu birliklerimizin Halep ve k\u0131rsal\u0131n\u0131n Havac\u0131l\u0131k ve Piyade K\u00fclliyeleri ve Merkez Hapishanesi \u00c7evresi yan\u0131 s\u0131ra \u015eeyh L\u00fctfi, Han el Asel, Um el Kura, Hayyan, Mare, Kefar Kermin ve \u015eukayf K\u00f6y ve Beldeleri ile S\u00fckkeri, Zebdiye, Ensari, Eski Halep, Leyremun Semtleri ve A\u011fyur Bulvar\u0131nda \u00e7ok say\u0131da ter\u00f6risti \u00f6ld\u00fcrd\u00fcklerini ellerindeki silah ve ara\u00e7lar\u0131n\u0131 da imha etiklerini s\u00f6yledi.<\/p>\n<p>Kaynak, birliklerimizin Neyreb Havaalan\u0131 bat\u0131s\u0131nda \u00e7ok say\u0131da ter\u00f6risti \u00f6l\u00fc ve yaral\u0131 d\u00fc\u015f\u00fcrd\u00fcklerini ellerinde bulunan ve a\u011f\u0131r taramal\u0131 silahlarla donan\u0131ml\u0131 2 ara\u00e7lar\u0131n\u0131 da imha ettiklerini di\u011fer birliklerimizin de Hanano, Handarat, Hureytan ve Kefar Hamra\u2019da yine a\u011f\u0131r taramal\u0131 silahlarla donat\u0131lm\u0131\u015f ara\u00e7lar\u0131n\u0131 i\u00e7indeki ter\u00f6ristlerle birlikte etkisiz hale getirdiklerini belirtti.<\/p>\n<p><span style=\"color: #0000ff\">\u0130dlib K\u0131rsal\u0131nda Ter\u00f6ristler Ara\u00e7lar\u0131yla Etkisiz Hale Getirildi<\/span><\/p>\n<p>Kaynak ordu birliklerimizin \u0130dlib k\u0131rsal\u0131n\u0131n Mhambel Abu Sbeyr Beldesi \u00e7evresinde \u00e7ok say\u0131da ter\u00f6risti \u00f6l\u00fc ve yaral\u0131 d\u00fc\u015f\u00fcrd\u00fcklerini su\u00e7 edatlar\u0131n\u0131 da imha ettiklerini s\u00f6yledi.<\/p>\n<p>Kaynak, ordu birliklerimizin KAminas, Maarrat el Numan, Kefar Lata, Kurin, ve el Rama\u2019da ter\u00f6ristlerin toplanma merkezlerini hedef ald\u0131klar\u0131n\u0131 \u00e7ok say\u0131da ter\u00f6ristle birlikte su\u00e7 edatlar\u0131n\u0131 da etkisiz hale getirdiklerine i\u015faret etti.<\/p>\n<p style=\"text-align: center\"><strong><span style=\"color: #0000ff\">KALAMUN<\/span><\/strong><\/p>\n<div id='gallery-1' class='gallery galleryid-8516 gallery-columns-3 gallery-size-thumbnail'><figure class='gallery-item'>\n\t\t\t<div class='gallery-icon landscape'>\n\t\t\t\t<a href='https:\/\/archive.sana.sy\/tr\/?attachment_id=8608'><img loading=\"lazy\" decoding=\"async\" width=\"150\" height=\"79\" src=\"https:\/\/archive.sana.sy\/tr\/wp-content\/uploads\/2014\/08\/kalamun-1-150x79.jpg\" class=\"attachment-thumbnail size-thumbnail\" alt=\"\" srcset=\"https:\/\/archive.sana.sy\/tr\/wp-content\/uploads\/2014\/08\/kalamun-1-150x79.jpg 150w, https:\/\/archive.sana.sy\/tr\/wp-content\/uploads\/2014\/08\/kalamun-1-300x160.jpg 300w, https:\/\/archive.sana.sy\/tr\/wp-content\/uploads\/2014\/08\/kalamun-1.jpg 620w\" sizes=\"auto, (max-width: 150px) 100vw, 150px\" \/><\/a>\n\t\t\t<\/div><\/figure><figure class='gallery-item'>\n\t\t\t<div class='gallery-icon landscape'>\n\t\t\t\t<a href='https:\/\/archive.sana.sy\/tr\/?attachment_id=8609'><img loading=\"lazy\" decoding=\"async\" width=\"150\" height=\"79\" src=\"https:\/\/archive.sana.sy\/tr\/wp-content\/uploads\/2014\/08\/kalamun-2-150x79.jpg\" class=\"attachment-thumbnail size-thumbnail\" alt=\"\" srcset=\"https:\/\/archive.sana.sy\/tr\/wp-content\/uploads\/2014\/08\/kalamun-2-150x79.jpg 150w, https:\/\/archive.sana.sy\/tr\/wp-content\/uploads\/2014\/08\/kalamun-2-300x160.jpg 300w, https:\/\/archive.sana.sy\/tr\/wp-content\/uploads\/2014\/08\/kalamun-2.jpg 620w\" sizes=\"auto, (max-width: 150px) 100vw, 150px\" \/><\/a>\n\t\t\t<\/div><\/figure><figure class='gallery-item'>\n\t\t\t<div class='gallery-icon landscape'>\n\t\t\t\t<a href='https:\/\/archive.sana.sy\/tr\/?attachment_id=8610'><img loading=\"lazy\" decoding=\"async\" width=\"150\" height=\"79\" src=\"https:\/\/archive.sana.sy\/tr\/wp-content\/uploads\/2014\/08\/kalamun-3-150x79.jpg\" class=\"attachment-thumbnail size-thumbnail\" alt=\"\" srcset=\"https:\/\/archive.sana.sy\/tr\/wp-content\/uploads\/2014\/08\/kalamun-3-150x79.jpg 150w, https:\/\/archive.sana.sy\/tr\/wp-content\/uploads\/2014\/08\/kalamun-3-300x160.jpg 300w, https:\/\/archive.sana.sy\/tr\/wp-content\/uploads\/2014\/08\/kalamun-3.jpg 620w\" sizes=\"auto, (max-width: 150px) 100vw, 150px\" \/><\/a>\n\t\t\t<\/div><\/figure><figure class='gallery-item'>\n\t\t\t<div class='gallery-icon landscape'>\n\t\t\t\t<a href='https:\/\/archive.sana.sy\/tr\/?attachment_id=8611'><img loading=\"lazy\" decoding=\"async\" width=\"150\" height=\"79\" src=\"https:\/\/archive.sana.sy\/tr\/wp-content\/uploads\/2014\/08\/kalamun-4-150x79.jpg\" class=\"attachment-thumbnail size-thumbnail\" alt=\"\" srcset=\"https:\/\/archive.sana.sy\/tr\/wp-content\/uploads\/2014\/08\/kalamun-4-150x79.jpg 150w, https:\/\/archive.sana.sy\/tr\/wp-content\/uploads\/2014\/08\/kalamun-4-300x160.jpg 300w, https:\/\/archive.sana.sy\/tr\/wp-content\/uploads\/2014\/08\/kalamun-4.jpg 620w\" sizes=\"auto, (max-width: 150px) 100vw, 150px\" \/><\/a>\n\t\t\t<\/div><\/figure><figure class='gallery-item'>\n\t\t\t<div class='gallery-icon landscape'>\n\t\t\t\t<a href='https:\/\/archive.sana.sy\/tr\/?attachment_id=8612'><img loading=\"lazy\" decoding=\"async\" width=\"150\" height=\"79\" src=\"https:\/\/archive.sana.sy\/tr\/wp-content\/uploads\/2014\/08\/kalamun-5-150x79.jpg\" class=\"attachment-thumbnail size-thumbnail\" alt=\"\" srcset=\"https:\/\/archive.sana.sy\/tr\/wp-content\/uploads\/2014\/08\/kalamun-5-150x79.jpg 150w, https:\/\/archive.sana.sy\/tr\/wp-content\/uploads\/2014\/08\/kalamun-5-300x160.jpg 300w, https:\/\/archive.sana.sy\/tr\/wp-content\/uploads\/2014\/08\/kalamun-5.jpg 620w\" sizes=\"auto, (max-width: 150px) 100vw, 150px\" \/><\/a>\n\t\t\t<\/div><\/figure><figure class='gallery-item'>\n\t\t\t<div class='gallery-icon landscape'>\n\t\t\t\t<a href='https:\/\/archive.sana.sy\/tr\/?attachment_id=8613'><img loading=\"lazy\" decoding=\"async\" width=\"150\" height=\"79\" src=\"https:\/\/archive.sana.sy\/tr\/wp-content\/uploads\/2014\/08\/kalamun-6-150x79.jpg\" class=\"attachment-thumbnail size-thumbnail\" alt=\"\" srcset=\"https:\/\/archive.sana.sy\/tr\/wp-content\/uploads\/2014\/08\/kalamun-6-150x79.jpg 150w, https:\/\/archive.sana.sy\/tr\/wp-content\/uploads\/2014\/08\/kalamun-6-300x160.jpg 300w, https:\/\/archive.sana.sy\/tr\/wp-content\/uploads\/2014\/08\/kalamun-6.jpg 620w\" sizes=\"auto, (max-width: 150px) 100vw, 150px\" \/><\/a>\n\t\t\t<\/div><\/figure><figure class='gallery-item'>\n\t\t\t<div class='gallery-icon landscape'>\n\t\t\t\t<a href='https:\/\/archive.sana.sy\/tr\/?attachment_id=8614'><img loading=\"lazy\" decoding=\"async\" width=\"150\" height=\"79\" src=\"https:\/\/archive.sana.sy\/tr\/wp-content\/uploads\/2014\/08\/kalamun-7-150x79.jpg\" class=\"attachment-thumbnail size-thumbnail\" alt=\"\" srcset=\"https:\/\/archive.sana.sy\/tr\/wp-content\/uploads\/2014\/08\/kalamun-7-150x79.jpg 150w, https:\/\/archive.sana.sy\/tr\/wp-content\/uploads\/2014\/08\/kalamun-7-300x160.jpg 300w, https:\/\/archive.sana.sy\/tr\/wp-content\/uploads\/2014\/08\/kalamun-7.jpg 620w\" sizes=\"auto, (max-width: 150px) 100vw, 150px\" \/><\/a>\n\t\t\t<\/div><\/figure><figure class='gallery-item'>\n\t\t\t<div class='gallery-icon landscape'>\n\t\t\t\t<a href='https:\/\/archive.sana.sy\/tr\/?attachment_id=8615'><img loading=\"lazy\" decoding=\"async\" width=\"150\" height=\"79\" src=\"https:\/\/archive.sana.sy\/tr\/wp-content\/uploads\/2014\/08\/kalamun-8-150x79.jpg\" class=\"attachment-thumbnail size-thumbnail\" alt=\"\" srcset=\"https:\/\/archive.sana.sy\/tr\/wp-content\/uploads\/2014\/08\/kalamun-8-150x79.jpg 150w, https:\/\/archive.sana.sy\/tr\/wp-content\/uploads\/2014\/08\/kalamun-8-300x160.jpg 300w, https:\/\/archive.sana.sy\/tr\/wp-content\/uploads\/2014\/08\/kalamun-8.jpg 620w\" sizes=\"auto, (max-width: 150px) 100vw, 150px\" \/><\/a>\n\t\t\t<\/div><\/figure><figure class='gallery-item'>\n\t\t\t<div class='gallery-icon landscape'>\n\t\t\t\t<a href='https:\/\/archive.sana.sy\/tr\/?attachment_id=8616'><img loading=\"lazy\" decoding=\"async\" width=\"150\" height=\"79\" src=\"https:\/\/archive.sana.sy\/tr\/wp-content\/uploads\/2014\/08\/kalamun-9-150x79.jpg\" class=\"attachment-thumbnail size-thumbnail\" alt=\"\" srcset=\"https:\/\/archive.sana.sy\/tr\/wp-content\/uploads\/2014\/08\/kalamun-9-150x79.jpg 150w, https:\/\/archive.sana.sy\/tr\/wp-content\/uploads\/2014\/08\/kalamun-9-300x160.jpg 300w, https:\/\/archive.sana.sy\/tr\/wp-content\/uploads\/2014\/08\/kalamun-9.jpg 620w\" sizes=\"auto, (max-width: 150px) 100vw, 150px\" \/><\/a>\n\t\t\t<\/div><\/figure>\n\t\t<\/div>\n\n<p style=\"text-align: center\"><span style=\"color: #0000ff\"><strong>COBAR<\/strong><\/span><\/p>\n<div id='gallery-2' class='gallery galleryid-8516 gallery-columns-3 gallery-size-thumbnail'><figure class='gallery-item'>\n\t\t\t<div class='gallery-icon landscape'>\n\t\t\t\t<a href='https:\/\/archive.sana.sy\/tr\/?attachment_id=8607'><img loading=\"lazy\" decoding=\"async\" width=\"150\" height=\"79\" src=\"https:\/\/archive.sana.sy\/tr\/wp-content\/uploads\/2014\/08\/Cobar-5-150x79.jpg\" class=\"attachment-thumbnail size-thumbnail\" alt=\"\" srcset=\"https:\/\/archive.sana.sy\/tr\/wp-content\/uploads\/2014\/08\/Cobar-5-150x79.jpg 150w, https:\/\/archive.sana.sy\/tr\/wp-content\/uploads\/2014\/08\/Cobar-5-300x160.jpg 300w, https:\/\/archive.sana.sy\/tr\/wp-content\/uploads\/2014\/08\/Cobar-5.jpg 620w\" sizes=\"auto, (max-width: 150px) 100vw, 150px\" \/><\/a>\n\t\t\t<\/div><\/figure><figure class='gallery-item'>\n\t\t\t<div class='gallery-icon landscape'>\n\t\t\t\t<a href='https:\/\/archive.sana.sy\/tr\/?attachment_id=8606'><img loading=\"lazy\" decoding=\"async\" width=\"150\" height=\"79\" src=\"https:\/\/archive.sana.sy\/tr\/wp-content\/uploads\/2014\/08\/Cobar-4-150x79.jpg\" class=\"attachment-thumbnail size-thumbnail\" alt=\"\" srcset=\"https:\/\/archive.sana.sy\/tr\/wp-content\/uploads\/2014\/08\/Cobar-4-150x79.jpg 150w, https:\/\/archive.sana.sy\/tr\/wp-content\/uploads\/2014\/08\/Cobar-4-300x160.jpg 300w, https:\/\/archive.sana.sy\/tr\/wp-content\/uploads\/2014\/08\/Cobar-4.jpg 620w\" sizes=\"auto, (max-width: 150px) 100vw, 150px\" \/><\/a>\n\t\t\t<\/div><\/figure><figure class='gallery-item'>\n\t\t\t<div class='gallery-icon landscape'>\n\t\t\t\t<a href='https:\/\/archive.sana.sy\/tr\/?attachment_id=8605'><img loading=\"lazy\" decoding=\"async\" width=\"150\" height=\"79\" src=\"https:\/\/archive.sana.sy\/tr\/wp-content\/uploads\/2014\/08\/Cobar-3-150x79.jpg\" class=\"attachment-thumbnail size-thumbnail\" alt=\"\" srcset=\"https:\/\/archive.sana.sy\/tr\/wp-content\/uploads\/2014\/08\/Cobar-3-150x79.jpg 150w, https:\/\/archive.sana.sy\/tr\/wp-content\/uploads\/2014\/08\/Cobar-3-300x160.jpg 300w, https:\/\/archive.sana.sy\/tr\/wp-content\/uploads\/2014\/08\/Cobar-3.jpg 620w\" sizes=\"auto, (max-width: 150px) 100vw, 150px\" \/><\/a>\n\t\t\t<\/div><\/figure><figure class='gallery-item'>\n\t\t\t<div class='gallery-icon landscape'>\n\t\t\t\t<a href='https:\/\/archive.sana.sy\/tr\/?attachment_id=8604'><img loading=\"lazy\" decoding=\"async\" width=\"150\" height=\"79\" src=\"https:\/\/archive.sana.sy\/tr\/wp-content\/uploads\/2014\/08\/Cobar-2-150x79.jpg\" class=\"attachment-thumbnail size-thumbnail\" alt=\"\" srcset=\"https:\/\/archive.sana.sy\/tr\/wp-content\/uploads\/2014\/08\/Cobar-2-150x79.jpg 150w, https:\/\/archive.sana.sy\/tr\/wp-content\/uploads\/2014\/08\/Cobar-2-300x160.jpg 300w, https:\/\/archive.sana.sy\/tr\/wp-content\/uploads\/2014\/08\/Cobar-2.jpg 620w\" sizes=\"auto, (max-width: 150px) 100vw, 150px\" \/><\/a>\n\t\t\t<\/div><\/figure><figure class='gallery-item'>\n\t\t\t<div class='gallery-icon landscape'>\n\t\t\t\t<a href='https:\/\/archive.sana.sy\/tr\/?attachment_id=8603'><img loading=\"lazy\" decoding=\"async\" width=\"150\" height=\"79\" src=\"https:\/\/archive.sana.sy\/tr\/wp-content\/uploads\/2014\/08\/Cobar-1-150x79.jpg\" class=\"attachment-thumbnail size-thumbnail\" alt=\"\" srcset=\"https:\/\/archive.sana.sy\/tr\/wp-content\/uploads\/2014\/08\/Cobar-1-150x79.jpg 150w, https:\/\/archive.sana.sy\/tr\/wp-content\/uploads\/2014\/08\/Cobar-1-300x160.jpg 300w, https:\/\/archive.sana.sy\/tr\/wp-content\/uploads\/2014\/08\/Cobar-1.jpg 620w\" sizes=\"auto, (max-width: 150px) 100vw, 150px\" \/><\/a>\n\t\t\t<\/div><\/figure>\n\t\t<\/div>\n\n<p style=\"text-align: center\">\n","protected":false},"excerpt":{"rendered":"<p>&nbsp; \u0130LLER \u2013 Kahraman ordu birliklerimizin ter\u00f6r ve kiral\u0131k ter\u00f6ristlere y\u00f6nelik operasyonlar\u0131 t\u00fcm h\u0131z\u0131yla s\u00fcr\u00fcyor. Operasyonlarda ter\u00f6ristler say\u0131 ve silah bak\u0131m\u0131ndan \u00e7ok a\u011f\u0131r kay\u0131plara u\u011frat\u0131ld\u0131lar. \u015eam K\u0131rsal\u0131nda Askeri Kontrol Noktalar\u0131na S\u0131zmalar\u0131 \u00c7\u00f6kertildi \u015eam K\u0131rsal\u0131nda ordu birliklerimizin Cobar Semti ile \u015eam K\u0131rsal\u0131n\u0131n K\u00f6y ve Beldelerinde toplanma merkezlerine y\u00f6nelik d\u00fczenledi\u011fi bir dizi operasyon sonucunda \u00e7ok say\u0131da ter\u00f6risti &hellip;<\/p>\n","protected":false},"author":1,"featured_media":8567,"comment_status":"closed","ping_status":"closed","sticky":false,"template":"","format":"standard","meta":{"footnotes":""},"categories":[596,575],"tags":[1907],"class_list":["post-8516","post","type-post","status-publish","format-standard","has-post-thumbnail","","category-fotografli-raporlar","category-olaylar-ve-gercekler","tag-teror-hucreleri-ve-guvenli-bolgelere-sizma-girisimleri-cokertildi"],"_links":{"self":[{"href":"https:\/\/archive.sana.sy\/tr\/index.php?rest_route=\/wp\/v2\/posts\/8516","targetHints":{"allow":["GET"]}}],"collection":[{"href":"https:\/\/archive.sana.sy\/tr\/index.php?rest_route=\/wp\/v2\/posts"}],"about":[{"href":"https:\/\/archive.sana.sy\/tr\/index.php?rest_route=\/wp\/v2\/types\/post"}],"author":[{"embeddable":true,"href":"https:\/\/archive.sana.sy\/tr\/index.php?rest_route=\/wp\/v2\/users\/1"}],"replies":[{"embeddable":true,"href":"https:\/\/archive.sana.sy\/tr\/index.php?rest_route=%2Fwp%2Fv2%2Fcomments&post=8516"}],"version-history":[{"count":0,"href":"https:\/\/archive.sana.sy\/tr\/index.php?rest_route=\/wp\/v2\/posts\/8516\/revisions"}],"wp:featuredmedia":[{"embeddable":true,"href":"https:\/\/archive.sana.sy\/tr\/index.php?rest_route=\/wp\/v2\/media\/8567"}],"wp:attachment":[{"href":"https:\/\/archive.sana.sy\/tr\/index.php?rest_route=%2Fwp%2Fv2%2Fmedia&parent=8516"}],"wp:term":[{"taxonomy":"category","embeddable":true,"href":"https:\/\/archive.sana.sy\/tr\/index.php?rest_route=%2Fwp%2Fv2%2Fcategories&post=8516"},{"taxonomy":"post_tag","embeddable":true,"href":"https:\/\/archive.sana.sy\/tr\/index.php?rest_route=%2Fwp%2Fv2%2Ftags&post=8516"}],"curies":[{"name":"wp","href":"https:\/\/api.w.org\/{rel}","templated":true}]}}