{"id":85365,"date":"2016-08-28T10:12:32","date_gmt":"2016-08-28T07:12:32","guid":{"rendered":"http:\/\/www.sana.sy\/tr\/?p=85365"},"modified":"2016-08-28T13:01:22","modified_gmt":"2016-08-28T10:01:22","slug":"askeri-kaynak-sanaya-aciklamasinda-ordu-birliklerimizin-dera-mahata-bolgesinde-israil-destekli-teroristlerin-bir-komuta-karargahini-muhtevalariyla-imha-ettiklerini-ve-golan-taburu","status":"publish","type":"post","link":"https:\/\/archive.sana.sy\/tr\/?p=85365","title":{"rendered":"Askeri Kaynak SANA\u2019ya a\u00e7\u0131klamas\u0131nda ordu birliklerimizin Dera Mahata B\u00f6lgesinde \u0130srail destekli ter\u00f6ristlerin bir komuta karargah\u0131n\u0131 muhtevalar\u0131yla imha ettiklerini ve \u2018Golan Taburu\u2019 adl\u0131 ter\u00f6ristlerin s\u00f6zde askeri komutan\u0131 Muhammed Kveydir\u2019i \u00f6ld\u00fcrd\u00fcklerini kaydetti"},"content":{"rendered":"<p>Askeri Kaynak SANA\u2019ya a\u00e7\u0131klamas\u0131nda ordu birliklerimizin Dera Mahata B\u00f6lgesinde \u0130srail destekli ter\u00f6ristlerin bir komuta karargah\u0131n\u0131 muhtevalar\u0131yla imha ettiklerini ve \u2018Golan Taburu\u2019 adl\u0131 ter\u00f6ristlerin s\u00f6zde askeri komutan\u0131 Muhammed Kveydir\u2019i \u00f6ld\u00fcrd\u00fcklerini kaydetti<\/p>\n","protected":false},"excerpt":{"rendered":"<p>Askeri Kaynak SANA\u2019ya a\u00e7\u0131klamas\u0131nda ordu birliklerimizin Dera Mahata B\u00f6lgesinde \u0130srail destekli ter\u00f6ristlerin bir komuta karargah\u0131n\u0131 muhtevalar\u0131yla imha ettiklerini ve \u2018Golan Taburu\u2019 adl\u0131 ter\u00f6ristlerin s\u00f6zde askeri komutan\u0131 Muhammed Kveydir\u2019i \u00f6ld\u00fcrd\u00fcklerini kaydetti<\/p>\n","protected":false},"author":1,"featured_media":0,"comment_status":"closed","ping_status":"closed","sticky":false,"template":"","format":"standard","meta":{"footnotes":""},"categories":[17991],"tags":[],"class_list":["post-85365","post","type-post","status-publish","format-standard","","category-son-dakika"],"_links":{"self":[{"href":"https:\/\/archive.sana.sy\/tr\/index.php?rest_route=\/wp\/v2\/posts\/85365","targetHints":{"allow":["GET"]}}],"collection":[{"href":"https:\/\/archive.sana.sy\/tr\/index.php?rest_route=\/wp\/v2\/posts"}],"about":[{"href":"https:\/\/archive.sana.sy\/tr\/index.php?rest_route=\/wp\/v2\/types\/post"}],"author":[{"embeddable":true,"href":"https:\/\/archive.sana.sy\/tr\/index.php?rest_route=\/wp\/v2\/users\/1"}],"replies":[{"embeddable":true,"href":"https:\/\/archive.sana.sy\/tr\/index.php?rest_route=%2Fwp%2Fv2%2Fcomments&post=85365"}],"version-history":[{"count":0,"href":"https:\/\/archive.sana.sy\/tr\/index.php?rest_route=\/wp\/v2\/posts\/85365\/revisions"}],"wp:attachment":[{"href":"https:\/\/archive.sana.sy\/tr\/index.php?rest_route=%2Fwp%2Fv2%2Fmedia&parent=85365"}],"wp:term":[{"taxonomy":"category","embeddable":true,"href":"https:\/\/archive.sana.sy\/tr\/index.php?rest_route=%2Fwp%2Fv2%2Fcategories&post=85365"},{"taxonomy":"post_tag","embeddable":true,"href":"https:\/\/archive.sana.sy\/tr\/index.php?rest_route=%2Fwp%2Fv2%2Ftags&post=85365"}],"curies":[{"name":"wp","href":"https:\/\/api.w.org\/{rel}","templated":true}]}}