{"id":85375,"date":"2016-08-28T09:45:06","date_gmt":"2016-08-28T06:45:06","guid":{"rendered":"http:\/\/www.sana.sy\/tr\/?p=85375"},"modified":"2016-08-28T13:55:22","modified_gmt":"2016-08-28T10:55:22","slug":"kaynak-deyrezzor-kentinin-urfi-ve-ummal-semtlerinin-yani-sira-il-kirsalinin-bgayliye-ve-huveycet-sakir-beldelerinde-radikal-teroristlerin-mevki-ve-hareketlenmelerine-yonelik-nitelikli-operasyonlar-duz","status":"publish","type":"post","link":"https:\/\/archive.sana.sy\/tr\/?p=85375","title":{"rendered":"Kaynak Deyrezzor Kentinin Urfi ve Ummal semtlerinin yan\u0131 s\u0131ra il k\u0131rsal\u0131n\u0131n B\u011fayliye ve Huveycet Sak\u0131r beldelerinde radikal ter\u00f6ristlerin mevki ve hareketlenmelerine y\u00f6nelik nitelikli operasyonlar d\u00fczenlendi\u011fini kaydetti"},"content":{"rendered":"<p>Kaynak Deyrezzor Kentinin Urfi ve Ummal semtlerinin yan\u0131 s\u0131ra il k\u0131rsal\u0131n\u0131n B\u011fayliye ve Huveycet Sak\u0131r beldelerinde radikal ter\u00f6ristlerin mevki ve hareketlenmelerine y\u00f6nelik nitelikli operasyonlar d\u00fczenlendi\u011fini kaydetti<\/p>\n","protected":false},"excerpt":{"rendered":"<p>Kaynak Deyrezzor Kentinin Urfi ve Ummal semtlerinin yan\u0131 s\u0131ra il k\u0131rsal\u0131n\u0131n B\u011fayliye ve Huveycet Sak\u0131r beldelerinde radikal ter\u00f6ristlerin mevki ve hareketlenmelerine y\u00f6nelik nitelikli operasyonlar d\u00fczenlendi\u011fini kaydetti<\/p>\n","protected":false},"author":1,"featured_media":0,"comment_status":"closed","ping_status":"closed","sticky":false,"template":"","format":"standard","meta":{"footnotes":""},"categories":[17991],"tags":[],"class_list":["post-85375","post","type-post","status-publish","format-standard","","category-son-dakika"],"_links":{"self":[{"href":"https:\/\/archive.sana.sy\/tr\/index.php?rest_route=\/wp\/v2\/posts\/85375","targetHints":{"allow":["GET"]}}],"collection":[{"href":"https:\/\/archive.sana.sy\/tr\/index.php?rest_route=\/wp\/v2\/posts"}],"about":[{"href":"https:\/\/archive.sana.sy\/tr\/index.php?rest_route=\/wp\/v2\/types\/post"}],"author":[{"embeddable":true,"href":"https:\/\/archive.sana.sy\/tr\/index.php?rest_route=\/wp\/v2\/users\/1"}],"replies":[{"embeddable":true,"href":"https:\/\/archive.sana.sy\/tr\/index.php?rest_route=%2Fwp%2Fv2%2Fcomments&post=85375"}],"version-history":[{"count":0,"href":"https:\/\/archive.sana.sy\/tr\/index.php?rest_route=\/wp\/v2\/posts\/85375\/revisions"}],"wp:attachment":[{"href":"https:\/\/archive.sana.sy\/tr\/index.php?rest_route=%2Fwp%2Fv2%2Fmedia&parent=85375"}],"wp:term":[{"taxonomy":"category","embeddable":true,"href":"https:\/\/archive.sana.sy\/tr\/index.php?rest_route=%2Fwp%2Fv2%2Fcategories&post=85375"},{"taxonomy":"post_tag","embeddable":true,"href":"https:\/\/archive.sana.sy\/tr\/index.php?rest_route=%2Fwp%2Fv2%2Ftags&post=85375"}],"curies":[{"name":"wp","href":"https:\/\/api.w.org\/{rel}","templated":true}]}}