{"id":85405,"date":"2016-08-28T10:24:01","date_gmt":"2016-08-28T07:24:01","guid":{"rendered":"http:\/\/www.sana.sy\/tr\/?p=85405"},"modified":"2016-08-28T13:57:32","modified_gmt":"2016-08-28T10:57:32","slug":"iside-tabi-olup-saflarinda-yuzlerce-yabanci-radikali-barindiran-cund-el-aksa-adli-teror-orgutu-katarli-ebu-abdulaziz-lakapli-azili-teror-elebasi-tarafinda","status":"publish","type":"post","link":"https:\/\/archive.sana.sy\/tr\/?p=85405","title":{"rendered":"I\u015e\u0130D\u2019e tabi olup saflar\u0131nda y\u00fczlerce yabanc\u0131 radikali bar\u0131nd\u0131ran \u2018Cund el Aksa\u2019 adl\u0131 ter\u00f6r \u00f6rg\u00fct\u00fc, Katarl\u0131 \u2018Ebu Abd\u00fclaziz\u2019 lakapl\u0131 az\u0131l\u0131 ter\u00f6r eleba\u015f\u0131 taraf\u0131ndan te\u015fkil edilmi\u015f, daha \u00f6nce de \u2018Seraya el Kud\u00fcs\u2019 (Kud\u00fcs B\u00f6l\u00fckleri) ad\u0131yla bilinmekteydi."},"content":{"rendered":"<p>I\u015e\u0130D\u2019e tabi olup saflar\u0131nda y\u00fczlerce yabanc\u0131 radikali bar\u0131nd\u0131ran \u2018Cund el Aksa\u2019 adl\u0131 ter\u00f6r \u00f6rg\u00fct\u00fc, Katarl\u0131 \u2018Ebu Abd\u00fclaziz\u2019 lakapl\u0131 az\u0131l\u0131 ter\u00f6r eleba\u015f\u0131 taraf\u0131ndan te\u015fkil edilmi\u015f, daha \u00f6nce de \u2018Seraya el Kud\u00fcs\u2019 (Kud\u00fcs B\u00f6l\u00fckleri) ad\u0131yla bilinmekteydi.<\/p>\n","protected":false},"excerpt":{"rendered":"<p>I\u015e\u0130D\u2019e tabi olup saflar\u0131nda y\u00fczlerce yabanc\u0131 radikali bar\u0131nd\u0131ran \u2018Cund el Aksa\u2019 adl\u0131 ter\u00f6r \u00f6rg\u00fct\u00fc, Katarl\u0131 \u2018Ebu Abd\u00fclaziz\u2019 lakapl\u0131 az\u0131l\u0131 ter\u00f6r eleba\u015f\u0131 taraf\u0131ndan te\u015fkil edilmi\u015f, daha \u00f6nce de \u2018Seraya el Kud\u00fcs\u2019 (Kud\u00fcs B\u00f6l\u00fckleri) ad\u0131yla bilinmekteydi.<\/p>\n","protected":false},"author":1,"featured_media":0,"comment_status":"closed","ping_status":"closed","sticky":false,"template":"","format":"standard","meta":{"footnotes":""},"categories":[17991],"tags":[],"class_list":["post-85405","post","type-post","status-publish","format-standard","","category-son-dakika"],"_links":{"self":[{"href":"https:\/\/archive.sana.sy\/tr\/index.php?rest_route=\/wp\/v2\/posts\/85405","targetHints":{"allow":["GET"]}}],"collection":[{"href":"https:\/\/archive.sana.sy\/tr\/index.php?rest_route=\/wp\/v2\/posts"}],"about":[{"href":"https:\/\/archive.sana.sy\/tr\/index.php?rest_route=\/wp\/v2\/types\/post"}],"author":[{"embeddable":true,"href":"https:\/\/archive.sana.sy\/tr\/index.php?rest_route=\/wp\/v2\/users\/1"}],"replies":[{"embeddable":true,"href":"https:\/\/archive.sana.sy\/tr\/index.php?rest_route=%2Fwp%2Fv2%2Fcomments&post=85405"}],"version-history":[{"count":0,"href":"https:\/\/archive.sana.sy\/tr\/index.php?rest_route=\/wp\/v2\/posts\/85405\/revisions"}],"wp:attachment":[{"href":"https:\/\/archive.sana.sy\/tr\/index.php?rest_route=%2Fwp%2Fv2%2Fmedia&parent=85405"}],"wp:term":[{"taxonomy":"category","embeddable":true,"href":"https:\/\/archive.sana.sy\/tr\/index.php?rest_route=%2Fwp%2Fv2%2Fcategories&post=85405"},{"taxonomy":"post_tag","embeddable":true,"href":"https:\/\/archive.sana.sy\/tr\/index.php?rest_route=%2Fwp%2Fv2%2Ftags&post=85405"}],"curies":[{"name":"wp","href":"https:\/\/api.w.org\/{rel}","templated":true}]}}