{"id":85408,"date":"2016-08-28T10:17:42","date_gmt":"2016-08-28T07:17:42","guid":{"rendered":"http:\/\/www.sana.sy\/tr\/?p=85408"},"modified":"2016-08-28T13:56:38","modified_gmt":"2016-08-28T10:56:38","slug":"hama-kirsalinin-kuzeyinde-geneli-cokuluslu-teroristlerden-olusan-fetih-ordusu-ceysul-fetih-adli-teroristlere-karsi-operasyonlarini-surduren-ordu-birliklerimiz-aralarinda-oldukca-t","status":"publish","type":"post","link":"https:\/\/archive.sana.sy\/tr\/?p=85408","title":{"rendered":"Hama k\u0131rsal\u0131n\u0131n kuzeyinde geneli \u00e7okuluslu ter\u00f6ristlerden olu\u015fan \u2018Fetih Ordusu\u2019 (Cey\u015ful fetih) adl\u0131 ter\u00f6ristlere kar\u015f\u0131 operasyonlar\u0131n\u0131 s\u00fcrd\u00fcren ordu birliklerimiz, aralar\u0131nda olduk\u00e7a tehlikeli isimlerin bulundu\u011fu \u00e7ok say\u0131da ter\u00f6risti \u00f6l\u00fc yaral\u0131 d\u00fc\u015f\u00fcrd\u00fc."},"content":{"rendered":"<p>Hama k\u0131rsal\u0131n\u0131n kuzeyinde geneli \u00e7okuluslu ter\u00f6ristlerden olu\u015fan \u2018Fetih Ordusu\u2019 (Cey\u015ful fetih) adl\u0131 ter\u00f6ristlere kar\u015f\u0131 operasyonlar\u0131n\u0131 s\u00fcrd\u00fcren ordu birliklerimiz, aralar\u0131nda olduk\u00e7a tehlikeli isimlerin bulundu\u011fu \u00e7ok say\u0131da ter\u00f6risti \u00f6l\u00fc yaral\u0131 d\u00fc\u015f\u00fcrd\u00fc.<\/p>\n","protected":false},"excerpt":{"rendered":"<p>Hama k\u0131rsal\u0131n\u0131n kuzeyinde geneli \u00e7okuluslu ter\u00f6ristlerden olu\u015fan \u2018Fetih Ordusu\u2019 (Cey\u015ful fetih) adl\u0131 ter\u00f6ristlere kar\u015f\u0131 operasyonlar\u0131n\u0131 s\u00fcrd\u00fcren ordu birliklerimiz, aralar\u0131nda olduk\u00e7a tehlikeli isimlerin bulundu\u011fu \u00e7ok say\u0131da ter\u00f6risti \u00f6l\u00fc yaral\u0131 d\u00fc\u015f\u00fcrd\u00fc.<\/p>\n","protected":false},"author":1,"featured_media":0,"comment_status":"closed","ping_status":"closed","sticky":false,"template":"","format":"standard","meta":{"footnotes":""},"categories":[17991],"tags":[],"class_list":["post-85408","post","type-post","status-publish","format-standard","","category-son-dakika"],"_links":{"self":[{"href":"https:\/\/archive.sana.sy\/tr\/index.php?rest_route=\/wp\/v2\/posts\/85408","targetHints":{"allow":["GET"]}}],"collection":[{"href":"https:\/\/archive.sana.sy\/tr\/index.php?rest_route=\/wp\/v2\/posts"}],"about":[{"href":"https:\/\/archive.sana.sy\/tr\/index.php?rest_route=\/wp\/v2\/types\/post"}],"author":[{"embeddable":true,"href":"https:\/\/archive.sana.sy\/tr\/index.php?rest_route=\/wp\/v2\/users\/1"}],"replies":[{"embeddable":true,"href":"https:\/\/archive.sana.sy\/tr\/index.php?rest_route=%2Fwp%2Fv2%2Fcomments&post=85408"}],"version-history":[{"count":0,"href":"https:\/\/archive.sana.sy\/tr\/index.php?rest_route=\/wp\/v2\/posts\/85408\/revisions"}],"wp:attachment":[{"href":"https:\/\/archive.sana.sy\/tr\/index.php?rest_route=%2Fwp%2Fv2%2Fmedia&parent=85408"}],"wp:term":[{"taxonomy":"category","embeddable":true,"href":"https:\/\/archive.sana.sy\/tr\/index.php?rest_route=%2Fwp%2Fv2%2Fcategories&post=85408"},{"taxonomy":"post_tag","embeddable":true,"href":"https:\/\/archive.sana.sy\/tr\/index.php?rest_route=%2Fwp%2Fv2%2Ftags&post=85408"}],"curies":[{"name":"wp","href":"https:\/\/api.w.org\/{rel}","templated":true}]}}