{"id":85410,"date":"2016-08-28T10:20:24","date_gmt":"2016-08-28T07:20:24","guid":{"rendered":"http:\/\/www.sana.sy\/tr\/?p=85410"},"modified":"2016-08-28T13:57:10","modified_gmt":"2016-08-28T10:57:10","slug":"askeri-kaynak-il-kirsalinin-kuzeyi-letamina-kentinin-dogusunda-cund-el-aksa-adli-radikallerin-onemli-bir-karargahini-nitelikli-operasyonla-hedef-alan-ordu-birliklerimizin-aralarinda","status":"publish","type":"post","link":"https:\/\/archive.sana.sy\/tr\/?p=85410","title":{"rendered":"Askeri kaynak il k\u0131rsal\u0131n\u0131n kuzeyi Letamina Kentinin do\u011fusunda \u2018Cund el Aksa\u2019 adl\u0131 radikallerin \u00f6nemli bir karargah\u0131n\u0131 nitelikli operasyonla hedef alan ordu birliklerimizin aralar\u0131nda radikal \u00e7etelerin s\u00f6zde piyade taburunun askeri komutan\u0131 olarak bilinen Abd\u00fcrrahim el Cezzar\u2019\u0131n bulundu\u011fu bir\u00e7ok ter\u00f6risti \u00f6ld\u00fcrd\u00fcklerini s\u00f6yledi."},"content":{"rendered":"<p>Askeri kaynak il k\u0131rsal\u0131n\u0131n kuzeyi Letamina Kentinin do\u011fusunda \u2018Cund el Aksa\u2019 adl\u0131 radikallerin \u00f6nemli bir karargah\u0131n\u0131 nitelikli operasyonla hedef alan ordu birliklerimizin aralar\u0131nda radikal \u00e7etelerin s\u00f6zde piyade taburunun askeri komutan\u0131 olarak bilinen Abd\u00fcrrahim el Cezzar\u2019\u0131n bulundu\u011fu bir\u00e7ok ter\u00f6risti \u00f6ld\u00fcrd\u00fcklerini s\u00f6yledi.<\/p>\n","protected":false},"excerpt":{"rendered":"<p>Askeri kaynak il k\u0131rsal\u0131n\u0131n kuzeyi Letamina Kentinin do\u011fusunda \u2018Cund el Aksa\u2019 adl\u0131 radikallerin \u00f6nemli bir karargah\u0131n\u0131 nitelikli operasyonla hedef alan ordu birliklerimizin aralar\u0131nda radikal \u00e7etelerin s\u00f6zde piyade taburunun askeri komutan\u0131 olarak bilinen Abd\u00fcrrahim el Cezzar\u2019\u0131n bulundu\u011fu bir\u00e7ok ter\u00f6risti \u00f6ld\u00fcrd\u00fcklerini s\u00f6yledi.<\/p>\n","protected":false},"author":1,"featured_media":0,"comment_status":"closed","ping_status":"closed","sticky":false,"template":"","format":"standard","meta":{"footnotes":""},"categories":[17991],"tags":[],"class_list":["post-85410","post","type-post","status-publish","format-standard","","category-son-dakika"],"_links":{"self":[{"href":"https:\/\/archive.sana.sy\/tr\/index.php?rest_route=\/wp\/v2\/posts\/85410","targetHints":{"allow":["GET"]}}],"collection":[{"href":"https:\/\/archive.sana.sy\/tr\/index.php?rest_route=\/wp\/v2\/posts"}],"about":[{"href":"https:\/\/archive.sana.sy\/tr\/index.php?rest_route=\/wp\/v2\/types\/post"}],"author":[{"embeddable":true,"href":"https:\/\/archive.sana.sy\/tr\/index.php?rest_route=\/wp\/v2\/users\/1"}],"replies":[{"embeddable":true,"href":"https:\/\/archive.sana.sy\/tr\/index.php?rest_route=%2Fwp%2Fv2%2Fcomments&post=85410"}],"version-history":[{"count":0,"href":"https:\/\/archive.sana.sy\/tr\/index.php?rest_route=\/wp\/v2\/posts\/85410\/revisions"}],"wp:attachment":[{"href":"https:\/\/archive.sana.sy\/tr\/index.php?rest_route=%2Fwp%2Fv2%2Fmedia&parent=85410"}],"wp:term":[{"taxonomy":"category","embeddable":true,"href":"https:\/\/archive.sana.sy\/tr\/index.php?rest_route=%2Fwp%2Fv2%2Fcategories&post=85410"},{"taxonomy":"post_tag","embeddable":true,"href":"https:\/\/archive.sana.sy\/tr\/index.php?rest_route=%2Fwp%2Fv2%2Ftags&post=85410"}],"curies":[{"name":"wp","href":"https:\/\/api.w.org\/{rel}","templated":true}]}}