{"id":85413,"date":"2016-08-28T10:27:19","date_gmt":"2016-08-28T07:27:19","guid":{"rendered":"http:\/\/www.sana.sy\/tr\/?p=85413"},"modified":"2016-08-28T13:58:13","modified_gmt":"2016-08-28T10:58:13","slug":"ordu-birliklerimizin-hama-iline-tabi-morik-beldesinin-guney-semtinde-teroristlerin-hareket-ve-mevkilerinin-hedef-alindigini-kaydeden-askeri-kaynak-biri-agir-silahla-donatilmis-2-pikap-aracinin-cok-sa","status":"publish","type":"post","link":"https:\/\/archive.sana.sy\/tr\/?p=85413","title":{"rendered":"ordu birliklerimizin Hama \u0130line tabi Morik Beldesinin g\u00fcney semtinde ter\u00f6ristlerin hareket ve mevkilerinin hedef al\u0131nd\u0131\u011f\u0131n\u0131 kaydeden askeri kaynak; biri a\u011f\u0131r silahla donat\u0131lm\u0131\u015f 2 pikap arac\u0131n\u0131n \u00e7ok say\u0131da ter\u00f6ristle birlikte \u00f6l\u00fc yaral\u0131 d\u00fc\u015f\u00fcr\u00fcld\u00fcklerini ifade etti"},"content":{"rendered":"<p>ordu birliklerimizin Hama \u0130line tabi Morik Beldesinin g\u00fcney semtinde ter\u00f6ristlerin hareket ve mevkilerinin hedef al\u0131nd\u0131\u011f\u0131n\u0131 kaydeden askeri kaynak; biri a\u011f\u0131r silahla donat\u0131lm\u0131\u015f 2 pikap arac\u0131n\u0131n \u00e7ok say\u0131da ter\u00f6ristle birlikte \u00f6l\u00fc yaral\u0131 d\u00fc\u015f\u00fcr\u00fcld\u00fcklerini ifade etti<\/p>\n","protected":false},"excerpt":{"rendered":"<p>ordu birliklerimizin Hama \u0130line tabi Morik Beldesinin g\u00fcney semtinde ter\u00f6ristlerin hareket ve mevkilerinin hedef al\u0131nd\u0131\u011f\u0131n\u0131 kaydeden askeri kaynak; biri a\u011f\u0131r silahla donat\u0131lm\u0131\u015f 2 pikap arac\u0131n\u0131n \u00e7ok say\u0131da ter\u00f6ristle birlikte \u00f6l\u00fc yaral\u0131 d\u00fc\u015f\u00fcr\u00fcld\u00fcklerini ifade etti<\/p>\n","protected":false},"author":1,"featured_media":0,"comment_status":"closed","ping_status":"closed","sticky":false,"template":"","format":"standard","meta":{"footnotes":""},"categories":[17991],"tags":[],"class_list":["post-85413","post","type-post","status-publish","format-standard","","category-son-dakika"],"_links":{"self":[{"href":"https:\/\/archive.sana.sy\/tr\/index.php?rest_route=\/wp\/v2\/posts\/85413","targetHints":{"allow":["GET"]}}],"collection":[{"href":"https:\/\/archive.sana.sy\/tr\/index.php?rest_route=\/wp\/v2\/posts"}],"about":[{"href":"https:\/\/archive.sana.sy\/tr\/index.php?rest_route=\/wp\/v2\/types\/post"}],"author":[{"embeddable":true,"href":"https:\/\/archive.sana.sy\/tr\/index.php?rest_route=\/wp\/v2\/users\/1"}],"replies":[{"embeddable":true,"href":"https:\/\/archive.sana.sy\/tr\/index.php?rest_route=%2Fwp%2Fv2%2Fcomments&post=85413"}],"version-history":[{"count":0,"href":"https:\/\/archive.sana.sy\/tr\/index.php?rest_route=\/wp\/v2\/posts\/85413\/revisions"}],"wp:attachment":[{"href":"https:\/\/archive.sana.sy\/tr\/index.php?rest_route=%2Fwp%2Fv2%2Fmedia&parent=85413"}],"wp:term":[{"taxonomy":"category","embeddable":true,"href":"https:\/\/archive.sana.sy\/tr\/index.php?rest_route=%2Fwp%2Fv2%2Fcategories&post=85413"},{"taxonomy":"post_tag","embeddable":true,"href":"https:\/\/archive.sana.sy\/tr\/index.php?rest_route=%2Fwp%2Fv2%2Ftags&post=85413"}],"curies":[{"name":"wp","href":"https:\/\/api.w.org\/{rel}","templated":true}]}}