{"id":8542,"date":"2014-08-30T20:43:47","date_gmt":"2014-08-30T17:43:47","guid":{"rendered":"http:\/\/www.sana.sy\/tr\/?p=8542"},"modified":"2014-08-30T20:48:22","modified_gmt":"2014-08-30T17:48:22","slug":"terore-karsi-mucadele-eden-her-devleti-destekleyecegiz","status":"publish","type":"post","link":"https:\/\/archive.sana.sy\/tr\/?p=8542","title":{"rendered":"Ter\u00f6re Kar\u015f\u0131 M\u00fccadele Eden Her Devleti Destekleyece\u011fiz"},"content":{"rendered":"<p>TAHRAN \u2013 \u0130ran Cumhurba\u015fkan\u0131 Hasan Ruhani ABD\u2019nin ter\u00f6rle m\u00fccadelede ciddi bir iradeye sahip olmad\u0131\u011f\u0131n\u0131, son s\u00fcre\u00e7 i\u00e7indeki hareketlerinin de sadece \u00e7\u0131karlar\u0131n\u0131 koruma ama\u00e7l\u0131 oldu\u011funu belirtti.<\/p>\n<p>Ruhani bug\u00fcn d\u00fczenledi\u011fi bas\u0131n konferans\u0131nda \u00fclkesinin her yerde ve her zamanda ter\u00f6re kar\u015f\u0131 oldu\u011funu ifade ederek, ter\u00f6re kar\u015f\u0131 olduk\u00e7a ciddi bir m\u00fccadele verdi\u011fini s\u00f6yledi. Ruhani \u0130ran\u2019\u0131n gerek Suriye, gerek Irak, gerek L\u00fcbnan, gerekse Filistin de ter\u00f6re kar\u015f\u0131 m\u00fccadele eden ve destek iste\u011fen her devlete destek verece\u011fini vurgulad\u0131.<\/p>\n","protected":false},"excerpt":{"rendered":"<p>TAHRAN \u2013 \u0130ran Cumhurba\u015fkan\u0131 Hasan Ruhani ABD\u2019nin ter\u00f6rle m\u00fccadelede ciddi bir iradeye sahip olmad\u0131\u011f\u0131n\u0131, son s\u00fcre\u00e7 i\u00e7indeki hareketlerinin de sadece \u00e7\u0131karlar\u0131n\u0131 koruma ama\u00e7l\u0131 oldu\u011funu belirtti. Ruhani bug\u00fcn d\u00fczenledi\u011fi bas\u0131n konferans\u0131nda \u00fclkesinin her yerde ve her zamanda ter\u00f6re kar\u015f\u0131 oldu\u011funu ifade ederek, ter\u00f6re kar\u015f\u0131 olduk\u00e7a ciddi bir m\u00fccadele verdi\u011fini s\u00f6yledi. Ruhani \u0130ran\u2019\u0131n gerek Suriye, gerek Irak, &hellip;<\/p>\n","protected":false},"author":1,"featured_media":8553,"comment_status":"closed","ping_status":"closed","sticky":false,"template":"","format":"standard","meta":{"footnotes":""},"categories":[458,459,447,584],"tags":[1915],"class_list":["post-8542","post","type-post","status-publish","format-standard","has-post-thumbnail","","category-dunya1","category-haberler-arap-uluslararasi-politika","category-politika","category-yurtdisinda-sana-ofisleri","tag-terore-karsi-mucadele-eden-her-devleti-destekleyecegiz"],"_links":{"self":[{"href":"https:\/\/archive.sana.sy\/tr\/index.php?rest_route=\/wp\/v2\/posts\/8542","targetHints":{"allow":["GET"]}}],"collection":[{"href":"https:\/\/archive.sana.sy\/tr\/index.php?rest_route=\/wp\/v2\/posts"}],"about":[{"href":"https:\/\/archive.sana.sy\/tr\/index.php?rest_route=\/wp\/v2\/types\/post"}],"author":[{"embeddable":true,"href":"https:\/\/archive.sana.sy\/tr\/index.php?rest_route=\/wp\/v2\/users\/1"}],"replies":[{"embeddable":true,"href":"https:\/\/archive.sana.sy\/tr\/index.php?rest_route=%2Fwp%2Fv2%2Fcomments&post=8542"}],"version-history":[{"count":0,"href":"https:\/\/archive.sana.sy\/tr\/index.php?rest_route=\/wp\/v2\/posts\/8542\/revisions"}],"wp:featuredmedia":[{"embeddable":true,"href":"https:\/\/archive.sana.sy\/tr\/index.php?rest_route=\/wp\/v2\/media\/8553"}],"wp:attachment":[{"href":"https:\/\/archive.sana.sy\/tr\/index.php?rest_route=%2Fwp%2Fv2%2Fmedia&parent=8542"}],"wp:term":[{"taxonomy":"category","embeddable":true,"href":"https:\/\/archive.sana.sy\/tr\/index.php?rest_route=%2Fwp%2Fv2%2Fcategories&post=8542"},{"taxonomy":"post_tag","embeddable":true,"href":"https:\/\/archive.sana.sy\/tr\/index.php?rest_route=%2Fwp%2Fv2%2Ftags&post=8542"}],"curies":[{"name":"wp","href":"https:\/\/api.w.org\/{rel}","templated":true}]}}