{"id":85442,"date":"2016-08-28T10:10:39","date_gmt":"2016-08-28T07:10:39","guid":{"rendered":"http:\/\/www.sana.sy\/tr\/?p=85442"},"modified":"2016-08-29T10:00:06","modified_gmt":"2016-08-29T07:00:06","slug":"abd-cocuk-katillerinin-maaslarini-oduyor","status":"publish","type":"post","link":"https:\/\/archive.sana.sy\/tr\/?p=85442","title":{"rendered":"ABD \u00c7ocuk Katillerinin Maa\u015flar\u0131n\u0131 \u00d6d\u00fcyor"},"content":{"rendered":"<p>V\u0130RG\u0130NYA \u2013 Amerikal\u0131 Senat\u00f6r Richard Black ABD idaresinin silahl\u0131 ter\u00f6r \u00f6rg\u00fctlere mali destekte bulundu\u011funu ve bir s\u00fcre \u00f6nce Halep k\u0131rsal\u0131nda Filistinli bir \u00e7ocu\u011fa i\u015fkence yapmalar\u0131 ard\u0131ndan vah\u015fice kafas\u0131n\u0131 kesen \u2018Nurettin Zenki Hareketi\u2019 adl\u0131 ter\u00f6ristlerin maa\u015flar\u0131n\u0131 \u00f6dedi\u011fini belirtti.<\/p>\n<p>RT Kanal\u0131 ile m\u00fclakat\u0131nda Senat\u00f6r Black; Amerika\u2019n\u0131n \u00e7ocuklar\u0131n kafas\u0131n\u0131 kesen ve sivillere sald\u0131ran ter\u00f6r \u00f6rg\u00fctlere mali destekte bulunmas\u0131n\u0131n esef verici oldu\u011funu ifade ederken, bunu \u2018ter\u00f6r\u2019 olarak nitelendirdi.<\/p>\n<p>\u2018Nurettin Zenki Hareketi ge\u00e7en ay Halep k\u0131rsal\u0131nda Filistinli m\u00fcltecilerin yo\u011fun olarak ya\u015fad\u0131klar\u0131 Handerat Yerle\u015fim kamp\u0131nda Filistinli 12 ya\u015flar\u0131nda bir \u00e7ocu\u011fa i\u015fkence etmeleri ard\u0131ndan kafas\u0131n\u0131 kesip cesedini de tenkil etmi\u015flerdi. Ter\u00f6ristler bu vah\u015fetlerini kameraya al\u0131p internet \u00fczerinde \u00f6vg\u00fcyle payla\u015fmalar\u0131na ra\u011fmen ABD idaresi bu vah\u015fi cinayeti k\u0131namay\u0131 reddederek, \u2018cinayete ili\u015fkin bilgi toplama \u00e7abas\u0131nda oldu\u011funu\u2019 iddia etmi\u015fti.<\/p>\n","protected":false},"excerpt":{"rendered":"<p>V\u0130RG\u0130NYA \u2013 Amerikal\u0131 Senat\u00f6r Richard Black ABD idaresinin silahl\u0131 ter\u00f6r \u00f6rg\u00fctlere mali destekte bulundu\u011funu ve bir s\u00fcre \u00f6nce Halep k\u0131rsal\u0131nda Filistinli bir \u00e7ocu\u011fa i\u015fkence yapmalar\u0131 ard\u0131ndan vah\u015fice kafas\u0131n\u0131 kesen \u2018Nurettin Zenki Hareketi\u2019 adl\u0131 ter\u00f6ristlerin maa\u015flar\u0131n\u0131 \u00f6dedi\u011fini belirtti. RT Kanal\u0131 ile m\u00fclakat\u0131nda Senat\u00f6r Black; Amerika\u2019n\u0131n \u00e7ocuklar\u0131n kafas\u0131n\u0131 kesen ve sivillere sald\u0131ran ter\u00f6r \u00f6rg\u00fctlere mali destekte bulunmas\u0131n\u0131n &hellip;<\/p>\n","protected":false},"author":1,"featured_media":85445,"comment_status":"closed","ping_status":"closed","sticky":false,"template":"","format":"standard","meta":{"footnotes":""},"categories":[458,459,17988],"tags":[23512,23513],"class_list":["post-85442","post","type-post","status-publish","format-standard","has-post-thumbnail","","category-dunya1","category-haberler-arap-uluslararasi-politika","category-son-haberler","tag-abd-cocuk-katillerinin-maaslarini-oduyor","tag-amerikali-senator-richard-black"],"_links":{"self":[{"href":"https:\/\/archive.sana.sy\/tr\/index.php?rest_route=\/wp\/v2\/posts\/85442","targetHints":{"allow":["GET"]}}],"collection":[{"href":"https:\/\/archive.sana.sy\/tr\/index.php?rest_route=\/wp\/v2\/posts"}],"about":[{"href":"https:\/\/archive.sana.sy\/tr\/index.php?rest_route=\/wp\/v2\/types\/post"}],"author":[{"embeddable":true,"href":"https:\/\/archive.sana.sy\/tr\/index.php?rest_route=\/wp\/v2\/users\/1"}],"replies":[{"embeddable":true,"href":"https:\/\/archive.sana.sy\/tr\/index.php?rest_route=%2Fwp%2Fv2%2Fcomments&post=85442"}],"version-history":[{"count":0,"href":"https:\/\/archive.sana.sy\/tr\/index.php?rest_route=\/wp\/v2\/posts\/85442\/revisions"}],"wp:featuredmedia":[{"embeddable":true,"href":"https:\/\/archive.sana.sy\/tr\/index.php?rest_route=\/wp\/v2\/media\/85445"}],"wp:attachment":[{"href":"https:\/\/archive.sana.sy\/tr\/index.php?rest_route=%2Fwp%2Fv2%2Fmedia&parent=85442"}],"wp:term":[{"taxonomy":"category","embeddable":true,"href":"https:\/\/archive.sana.sy\/tr\/index.php?rest_route=%2Fwp%2Fv2%2Fcategories&post=85442"},{"taxonomy":"post_tag","embeddable":true,"href":"https:\/\/archive.sana.sy\/tr\/index.php?rest_route=%2Fwp%2Fv2%2Ftags&post=85442"}],"curies":[{"name":"wp","href":"https:\/\/api.w.org\/{rel}","templated":true}]}}