{"id":8547,"date":"2014-08-30T18:50:23","date_gmt":"2014-08-30T15:50:23","guid":{"rendered":"http:\/\/www.sana.sy\/tr\/?p=8547"},"modified":"2014-08-30T18:50:23","modified_gmt":"2014-08-30T15:50:23","slug":"misirda-gencleri-isid-saflarina-orgutleyen-sebeke-bulundu","status":"publish","type":"post","link":"https:\/\/archive.sana.sy\/tr\/?p=8547","title":{"rendered":"M\u0131s\u0131r\u2019da Gen\u00e7leri I\u015e\u0130D Saflar\u0131na \u00d6rg\u00fctleyen \u015eebeke Bulundu"},"content":{"rendered":"<p>KAH\u0130RE \u2013 M\u0131s\u0131r g\u00fcvenlik cihazlar\u0131; M\u0131s\u0131rl\u0131 gen\u00e7leri muhtelif \u015fekillerde \u00f6rg\u00fctleyip Suriye ve Irak\u2019a I\u015e\u0130D saflar\u0131na kat\u0131lmak i\u00e7in g\u00f6nderen M\u0131s\u0131rl\u0131 bir ter\u00f6r \u015febekesi ke\u015ffetti\u011fini ve \u015febekenin bir eleba\u015f\u0131n\u0131 tutuklad\u0131\u011f\u0131n\u0131 belirtti.<\/p>\n<p>M\u0131s\u0131rl\u0131 medya ara\u00e7lar\u0131n\u0131n aktard\u0131\u011f\u0131 a\u00e7\u0131klamalar\u0131nda M\u0131s\u0131rl\u0131 \u00fcst d\u00fczey g\u00fcvenlik kaynaklar\u0131 ve yetkilileri; Sveys B\u00f6lgesinde \u2018Hazimun\u2019 adl\u0131 dinci hareketin kurucular\u0131ndan \u2018Ebu el Bera\u2019 kod adl\u0131 M\u0131s\u0131rl\u0131 Adil Abd\u00fclati liderli\u011findeki s\u00f6z konusu \u015febekede 2 bin dolar ayl\u0131k maa\u015fla faaliyet g\u00f6steren 4 ki\u015finin daha bulundu\u011funu s\u00f6yledi. A\u00e7\u0131klamalarda petrol \u015firketinde \u00e7al\u0131\u015fan Ahmet Abd\u00fclfettah adl\u0131 \u015febeke \u00fcyesinin tutukland\u0131\u011f\u0131 ifade edildi.<\/p>\n<p>Evlatlar\u0131n\u0131n \u015febeke arac\u0131l\u0131\u011f\u0131 ile \u00f6rg\u00fctlenip Suriye ve Irak\u2019a g\u00f6nderilmeleri konusunda ahaliden gelen \u015fikayetler \u00fczerine g\u00fcvenlik birimlerinin harekete ge\u00e7ti\u011finin kaydedildi\u011fi a\u00e7\u0131klamalarda; bu \u015febeke arac\u0131l\u0131\u011f\u0131 ile M\u0131s\u0131rl\u0131 \u00e7ok say\u0131da gencin I\u015e\u0130D\u2019e kat\u0131ld\u0131klar\u0131n\u0131n ortaya \u00e7\u0131kt\u0131\u011f\u0131 kaydedildi.<\/p>\n<p>A\u00e7\u0131klamalarda Ebu el Bera kod adl\u0131 eleba\u015f\u0131n\u0131n Suriye&#8217;ye ka\u00e7t\u0131\u011f\u0131 ve burada M\u0131s\u0131rl\u0131 gen\u00e7lerle ba\u011flant\u0131lar kurup I\u015e\u0130D saflar\u0131na kat\u0131lmalar\u0131n\u0131 sa\u011flayan bir \u015febeke te\u015fkil etti\u011fi belirtildi.<\/p>\n","protected":false},"excerpt":{"rendered":"<p>KAH\u0130RE \u2013 M\u0131s\u0131r g\u00fcvenlik cihazlar\u0131; M\u0131s\u0131rl\u0131 gen\u00e7leri muhtelif \u015fekillerde \u00f6rg\u00fctleyip Suriye ve Irak\u2019a I\u015e\u0130D saflar\u0131na kat\u0131lmak i\u00e7in g\u00f6nderen M\u0131s\u0131rl\u0131 bir ter\u00f6r \u015febekesi ke\u015ffetti\u011fini ve \u015febekenin bir eleba\u015f\u0131n\u0131 tutuklad\u0131\u011f\u0131n\u0131 belirtti. M\u0131s\u0131rl\u0131 medya ara\u00e7lar\u0131n\u0131n aktard\u0131\u011f\u0131 a\u00e7\u0131klamalar\u0131nda M\u0131s\u0131rl\u0131 \u00fcst d\u00fczey g\u00fcvenlik kaynaklar\u0131 ve yetkilileri; Sveys B\u00f6lgesinde \u2018Hazimun\u2019 adl\u0131 dinci hareketin kurucular\u0131ndan \u2018Ebu el Bera\u2019 kod adl\u0131 M\u0131s\u0131rl\u0131 Adil &hellip;<\/p>\n","protected":false},"author":1,"featured_media":8548,"comment_status":"closed","ping_status":"closed","sticky":false,"template":"","format":"standard","meta":{"footnotes":""},"categories":[458,459,575,447],"tags":[1917],"class_list":["post-8547","post","type-post","status-publish","format-standard","has-post-thumbnail","","category-dunya1","category-haberler-arap-uluslararasi-politika","category-olaylar-ve-gercekler","category-politika","tag-misirda-gencleri-isid-saflarina-orgutleyen-sebeke-bulundu"],"_links":{"self":[{"href":"https:\/\/archive.sana.sy\/tr\/index.php?rest_route=\/wp\/v2\/posts\/8547","targetHints":{"allow":["GET"]}}],"collection":[{"href":"https:\/\/archive.sana.sy\/tr\/index.php?rest_route=\/wp\/v2\/posts"}],"about":[{"href":"https:\/\/archive.sana.sy\/tr\/index.php?rest_route=\/wp\/v2\/types\/post"}],"author":[{"embeddable":true,"href":"https:\/\/archive.sana.sy\/tr\/index.php?rest_route=\/wp\/v2\/users\/1"}],"replies":[{"embeddable":true,"href":"https:\/\/archive.sana.sy\/tr\/index.php?rest_route=%2Fwp%2Fv2%2Fcomments&post=8547"}],"version-history":[{"count":0,"href":"https:\/\/archive.sana.sy\/tr\/index.php?rest_route=\/wp\/v2\/posts\/8547\/revisions"}],"wp:featuredmedia":[{"embeddable":true,"href":"https:\/\/archive.sana.sy\/tr\/index.php?rest_route=\/wp\/v2\/media\/8548"}],"wp:attachment":[{"href":"https:\/\/archive.sana.sy\/tr\/index.php?rest_route=%2Fwp%2Fv2%2Fmedia&parent=8547"}],"wp:term":[{"taxonomy":"category","embeddable":true,"href":"https:\/\/archive.sana.sy\/tr\/index.php?rest_route=%2Fwp%2Fv2%2Fcategories&post=8547"},{"taxonomy":"post_tag","embeddable":true,"href":"https:\/\/archive.sana.sy\/tr\/index.php?rest_route=%2Fwp%2Fv2%2Ftags&post=8547"}],"curies":[{"name":"wp","href":"https:\/\/api.w.org\/{rel}","templated":true}]}}