{"id":85488,"date":"2016-08-29T09:10:45","date_gmt":"2016-08-29T06:10:45","guid":{"rendered":"http:\/\/www.sana.sy\/tr\/?p=85488"},"modified":"2016-08-29T12:46:47","modified_gmt":"2016-08-29T09:46:47","slug":"kubanin-suriyeye-borcunun-odemeleri-konusunda-iki-devlet-arasinda-imzalanan-anlasma-kapsaminda-gonderecegi-ilac-ve-tibbi-ekipmanlarin-ilk-partisinde-muhtelif-tur-asi-cesitleri-bulunuyor","status":"publish","type":"post","link":"https:\/\/archive.sana.sy\/tr\/?p=85488","title":{"rendered":"K\u00fcba\u2019n\u0131n Suriye&#8217;ye borcunun \u00f6demeleri konusunda iki devlet aras\u0131nda imzalanan anla\u015fma kapsam\u0131nda g\u00f6nderece\u011fi ila\u00e7 ve t\u0131bbi ekipmanlar\u0131n ilk partisinde muhtelif t\u00fcr a\u015f\u0131 \u00e7e\u015fitleri bulunuyor."},"content":{"rendered":"<p>K\u00fcba\u2019n\u0131n Suriye&#8217;ye borcunun \u00f6demeleri konusunda iki devlet aras\u0131nda imzalanan anla\u015fma kapsam\u0131nda g\u00f6nderece\u011fi ila\u00e7 ve t\u0131bbi ekipmanlar\u0131n ilk partisinde muhtelif t\u00fcr a\u015f\u0131 \u00e7e\u015fitleri bulunuyor.<\/p>\n","protected":false},"excerpt":{"rendered":"<p>K\u00fcba\u2019n\u0131n Suriye&#8217;ye borcunun \u00f6demeleri konusunda iki devlet aras\u0131nda imzalanan anla\u015fma kapsam\u0131nda g\u00f6nderece\u011fi ila\u00e7 ve t\u0131bbi ekipmanlar\u0131n ilk partisinde muhtelif t\u00fcr a\u015f\u0131 \u00e7e\u015fitleri bulunuyor.<\/p>\n","protected":false},"author":1,"featured_media":0,"comment_status":"closed","ping_status":"closed","sticky":false,"template":"","format":"standard","meta":{"footnotes":""},"categories":[17991],"tags":[],"class_list":["post-85488","post","type-post","status-publish","format-standard","","category-son-dakika"],"_links":{"self":[{"href":"https:\/\/archive.sana.sy\/tr\/index.php?rest_route=\/wp\/v2\/posts\/85488","targetHints":{"allow":["GET"]}}],"collection":[{"href":"https:\/\/archive.sana.sy\/tr\/index.php?rest_route=\/wp\/v2\/posts"}],"about":[{"href":"https:\/\/archive.sana.sy\/tr\/index.php?rest_route=\/wp\/v2\/types\/post"}],"author":[{"embeddable":true,"href":"https:\/\/archive.sana.sy\/tr\/index.php?rest_route=\/wp\/v2\/users\/1"}],"replies":[{"embeddable":true,"href":"https:\/\/archive.sana.sy\/tr\/index.php?rest_route=%2Fwp%2Fv2%2Fcomments&post=85488"}],"version-history":[{"count":0,"href":"https:\/\/archive.sana.sy\/tr\/index.php?rest_route=\/wp\/v2\/posts\/85488\/revisions"}],"wp:attachment":[{"href":"https:\/\/archive.sana.sy\/tr\/index.php?rest_route=%2Fwp%2Fv2%2Fmedia&parent=85488"}],"wp:term":[{"taxonomy":"category","embeddable":true,"href":"https:\/\/archive.sana.sy\/tr\/index.php?rest_route=%2Fwp%2Fv2%2Fcategories&post=85488"},{"taxonomy":"post_tag","embeddable":true,"href":"https:\/\/archive.sana.sy\/tr\/index.php?rest_route=%2Fwp%2Fv2%2Ftags&post=85488"}],"curies":[{"name":"wp","href":"https:\/\/api.w.org\/{rel}","templated":true}]}}