{"id":85491,"date":"2016-08-29T09:06:02","date_gmt":"2016-08-29T06:06:02","guid":{"rendered":"http:\/\/www.sana.sy\/tr\/?p=85491"},"modified":"2016-08-29T12:46:17","modified_gmt":"2016-08-29T09:46:17","slug":"kuba-cumhuriyetinin-suriye-halkina-gonderdigi-2-ton-ilac-bugun-uluslararasi-sam-havalimanina-ulasti","status":"publish","type":"post","link":"https:\/\/archive.sana.sy\/tr\/?p=85491","title":{"rendered":"K\u00fcba Cumhuriyetinin Suriye halk\u0131na g\u00f6nderdi\u011fi 2 ton ila\u00e7 bug\u00fcn Uluslararas\u0131 \u015eam Havaliman\u0131na ula\u015ft\u0131."},"content":{"rendered":"<p>K\u00fcba Cumhuriyetinin Suriye halk\u0131na g\u00f6nderdi\u011fi 2 ton ila\u00e7 bug\u00fcn Uluslararas\u0131 \u015eam Havaliman\u0131na ula\u015ft\u0131.<\/p>\n","protected":false},"excerpt":{"rendered":"<p>K\u00fcba Cumhuriyetinin Suriye halk\u0131na g\u00f6nderdi\u011fi 2 ton ila\u00e7 bug\u00fcn Uluslararas\u0131 \u015eam Havaliman\u0131na ula\u015ft\u0131.<\/p>\n","protected":false},"author":1,"featured_media":0,"comment_status":"closed","ping_status":"closed","sticky":false,"template":"","format":"standard","meta":{"footnotes":""},"categories":[17991],"tags":[],"class_list":["post-85491","post","type-post","status-publish","format-standard","","category-son-dakika"],"_links":{"self":[{"href":"https:\/\/archive.sana.sy\/tr\/index.php?rest_route=\/wp\/v2\/posts\/85491","targetHints":{"allow":["GET"]}}],"collection":[{"href":"https:\/\/archive.sana.sy\/tr\/index.php?rest_route=\/wp\/v2\/posts"}],"about":[{"href":"https:\/\/archive.sana.sy\/tr\/index.php?rest_route=\/wp\/v2\/types\/post"}],"author":[{"embeddable":true,"href":"https:\/\/archive.sana.sy\/tr\/index.php?rest_route=\/wp\/v2\/users\/1"}],"replies":[{"embeddable":true,"href":"https:\/\/archive.sana.sy\/tr\/index.php?rest_route=%2Fwp%2Fv2%2Fcomments&post=85491"}],"version-history":[{"count":0,"href":"https:\/\/archive.sana.sy\/tr\/index.php?rest_route=\/wp\/v2\/posts\/85491\/revisions"}],"wp:attachment":[{"href":"https:\/\/archive.sana.sy\/tr\/index.php?rest_route=%2Fwp%2Fv2%2Fmedia&parent=85491"}],"wp:term":[{"taxonomy":"category","embeddable":true,"href":"https:\/\/archive.sana.sy\/tr\/index.php?rest_route=%2Fwp%2Fv2%2Fcategories&post=85491"},{"taxonomy":"post_tag","embeddable":true,"href":"https:\/\/archive.sana.sy\/tr\/index.php?rest_route=%2Fwp%2Fv2%2Ftags&post=85491"}],"curies":[{"name":"wp","href":"https:\/\/api.w.org\/{rel}","templated":true}]}}