{"id":85502,"date":"2016-08-29T09:20:46","date_gmt":"2016-08-29T06:20:46","guid":{"rendered":"http:\/\/www.sana.sy\/tr\/?p=85502"},"modified":"2016-08-29T12:50:55","modified_gmt":"2016-08-29T09:50:55","slug":"kuba-cumhuriyetinin-sam-buyukelcisi-rogerio-manuel-santana-rodriguez-iki-dost-ulke-arasindaki-iliskilerin-metanetine-dikkat-cekerken-iki-ulke-ve-halklarinin-ortak-bir-dusman-tarafindan-hedef-alindikl","status":"publish","type":"post","link":"https:\/\/archive.sana.sy\/tr\/?p=85502","title":{"rendered":"K\u00fcba Cumhuriyetinin \u015eam B\u00fcy\u00fckel\u00e7isi Rogerio Manuel Santana Rodriguez iki dost \u00fclke aras\u0131ndaki ili\u015fkilerin metanetine dikkat \u00e7ekerken, iki \u00fclke ve halklar\u0131n\u0131n ortak bir d\u00fc\u015fman taraf\u0131ndan hedef al\u0131nd\u0131klar\u0131na vurgu yapt\u0131"},"content":{"rendered":"<p>K\u00fcba Cumhuriyetinin \u015eam B\u00fcy\u00fckel\u00e7isi Rogerio Manuel Santana Rodriguez iki dost \u00fclke aras\u0131ndaki ili\u015fkilerin metanetine dikkat \u00e7ekerken, iki \u00fclke ve halklar\u0131n\u0131n ortak bir d\u00fc\u015fman taraf\u0131ndan hedef al\u0131nd\u0131klar\u0131na vurgu yapt\u0131<\/p>\n","protected":false},"excerpt":{"rendered":"<p>K\u00fcba Cumhuriyetinin \u015eam B\u00fcy\u00fckel\u00e7isi Rogerio Manuel Santana Rodriguez iki dost \u00fclke aras\u0131ndaki ili\u015fkilerin metanetine dikkat \u00e7ekerken, iki \u00fclke ve halklar\u0131n\u0131n ortak bir d\u00fc\u015fman taraf\u0131ndan hedef al\u0131nd\u0131klar\u0131na vurgu yapt\u0131<\/p>\n","protected":false},"author":1,"featured_media":0,"comment_status":"closed","ping_status":"closed","sticky":false,"template":"","format":"standard","meta":{"footnotes":""},"categories":[17991],"tags":[],"class_list":["post-85502","post","type-post","status-publish","format-standard","","category-son-dakika"],"_links":{"self":[{"href":"https:\/\/archive.sana.sy\/tr\/index.php?rest_route=\/wp\/v2\/posts\/85502","targetHints":{"allow":["GET"]}}],"collection":[{"href":"https:\/\/archive.sana.sy\/tr\/index.php?rest_route=\/wp\/v2\/posts"}],"about":[{"href":"https:\/\/archive.sana.sy\/tr\/index.php?rest_route=\/wp\/v2\/types\/post"}],"author":[{"embeddable":true,"href":"https:\/\/archive.sana.sy\/tr\/index.php?rest_route=\/wp\/v2\/users\/1"}],"replies":[{"embeddable":true,"href":"https:\/\/archive.sana.sy\/tr\/index.php?rest_route=%2Fwp%2Fv2%2Fcomments&post=85502"}],"version-history":[{"count":0,"href":"https:\/\/archive.sana.sy\/tr\/index.php?rest_route=\/wp\/v2\/posts\/85502\/revisions"}],"wp:attachment":[{"href":"https:\/\/archive.sana.sy\/tr\/index.php?rest_route=%2Fwp%2Fv2%2Fmedia&parent=85502"}],"wp:term":[{"taxonomy":"category","embeddable":true,"href":"https:\/\/archive.sana.sy\/tr\/index.php?rest_route=%2Fwp%2Fv2%2Fcategories&post=85502"},{"taxonomy":"post_tag","embeddable":true,"href":"https:\/\/archive.sana.sy\/tr\/index.php?rest_route=%2Fwp%2Fv2%2Ftags&post=85502"}],"curies":[{"name":"wp","href":"https:\/\/api.w.org\/{rel}","templated":true}]}}