{"id":85506,"date":"2016-08-29T09:24:26","date_gmt":"2016-08-29T06:24:26","guid":{"rendered":"http:\/\/www.sana.sy\/tr\/?p=85506"},"modified":"2016-08-29T12:51:26","modified_gmt":"2016-08-29T09:51:26","slug":"abd-olan-bu-dusmanin-tum-insanligin-dusmani-oldugunu-ifade-eden-kuba-buyukelcisi-ulkesinin-uzun-yillardan-beri-kendisine-yaptirim-dayatilmasi-nedeniyle-ilac-sanayisinde-gelistigini-ve-nitelikli-ilac","status":"publish","type":"post","link":"https:\/\/archive.sana.sy\/tr\/?p=85506","title":{"rendered":"ABD olan bu d\u00fc\u015fman\u0131n t\u00fcm insanl\u0131\u011f\u0131n d\u00fc\u015fman\u0131 oldu\u011funu ifade eden K\u00fcba B\u00fcy\u00fckel\u00e7isi, \u00fclkesinin uzun y\u0131llardan beri kendisine yapt\u0131r\u0131m dayat\u0131lmas\u0131 nedeniyle ila\u00e7 sanayisinde geli\u015fti\u011fini ve nitelikli ila\u00e7 t\u00fcrleri \u00fcretti\u011fini kaydetti"},"content":{"rendered":"<p>ABD olan bu d\u00fc\u015fman\u0131n t\u00fcm insanl\u0131\u011f\u0131n d\u00fc\u015fman\u0131 oldu\u011funu ifade eden K\u00fcba B\u00fcy\u00fckel\u00e7isi, \u00fclkesinin uzun y\u0131llardan beri kendisine yapt\u0131r\u0131m dayat\u0131lmas\u0131 nedeniyle ila\u00e7 sanayisinde geli\u015fti\u011fini ve nitelikli ila\u00e7 t\u00fcrleri \u00fcretti\u011fini kaydetti<\/p>\n","protected":false},"excerpt":{"rendered":"<p>ABD olan bu d\u00fc\u015fman\u0131n t\u00fcm insanl\u0131\u011f\u0131n d\u00fc\u015fman\u0131 oldu\u011funu ifade eden K\u00fcba B\u00fcy\u00fckel\u00e7isi, \u00fclkesinin uzun y\u0131llardan beri kendisine yapt\u0131r\u0131m dayat\u0131lmas\u0131 nedeniyle ila\u00e7 sanayisinde geli\u015fti\u011fini ve nitelikli ila\u00e7 t\u00fcrleri \u00fcretti\u011fini kaydetti<\/p>\n","protected":false},"author":1,"featured_media":0,"comment_status":"closed","ping_status":"closed","sticky":false,"template":"","format":"standard","meta":{"footnotes":""},"categories":[17991],"tags":[],"class_list":["post-85506","post","type-post","status-publish","format-standard","","category-son-dakika"],"_links":{"self":[{"href":"https:\/\/archive.sana.sy\/tr\/index.php?rest_route=\/wp\/v2\/posts\/85506","targetHints":{"allow":["GET"]}}],"collection":[{"href":"https:\/\/archive.sana.sy\/tr\/index.php?rest_route=\/wp\/v2\/posts"}],"about":[{"href":"https:\/\/archive.sana.sy\/tr\/index.php?rest_route=\/wp\/v2\/types\/post"}],"author":[{"embeddable":true,"href":"https:\/\/archive.sana.sy\/tr\/index.php?rest_route=\/wp\/v2\/users\/1"}],"replies":[{"embeddable":true,"href":"https:\/\/archive.sana.sy\/tr\/index.php?rest_route=%2Fwp%2Fv2%2Fcomments&post=85506"}],"version-history":[{"count":0,"href":"https:\/\/archive.sana.sy\/tr\/index.php?rest_route=\/wp\/v2\/posts\/85506\/revisions"}],"wp:attachment":[{"href":"https:\/\/archive.sana.sy\/tr\/index.php?rest_route=%2Fwp%2Fv2%2Fmedia&parent=85506"}],"wp:term":[{"taxonomy":"category","embeddable":true,"href":"https:\/\/archive.sana.sy\/tr\/index.php?rest_route=%2Fwp%2Fv2%2Fcategories&post=85506"},{"taxonomy":"post_tag","embeddable":true,"href":"https:\/\/archive.sana.sy\/tr\/index.php?rest_route=%2Fwp%2Fv2%2Ftags&post=85506"}],"curies":[{"name":"wp","href":"https:\/\/api.w.org\/{rel}","templated":true}]}}