{"id":85520,"date":"2016-08-29T10:12:01","date_gmt":"2016-08-29T07:12:01","guid":{"rendered":"http:\/\/www.sana.sy\/tr\/?p=85520"},"modified":"2016-08-29T13:16:05","modified_gmt":"2016-08-29T10:16:05","slug":"kaynak-safak-vaktinde-duzenlenen-operasyonda-agir-askeri-bir-aracin-yani-sira-agir-makineli-silahla-donatilmis-2-pikap-aracini-aralarinda-bilinen-tehlikeli-isimlerin-bulundugu-11-teroristle-birlikte-i","status":"publish","type":"post","link":"https:\/\/archive.sana.sy\/tr\/?p=85520","title":{"rendered":"Kaynak \u015fafak vaktinde d\u00fczenlenen operasyonda a\u011f\u0131r askeri bir arac\u0131n yan\u0131 s\u0131ra a\u011f\u0131r makineli silahla donat\u0131lm\u0131\u015f 2 pikap arac\u0131n\u0131 aralar\u0131nda bilinen tehlikeli isimlerin bulundu\u011fu 11 ter\u00f6ristle birlikte imha ettiklerini kaydetti"},"content":{"rendered":"<p>Kaynak \u015fafak vaktinde d\u00fczenlenen operasyonda a\u011f\u0131r askeri bir arac\u0131n yan\u0131 s\u0131ra a\u011f\u0131r makineli silahla donat\u0131lm\u0131\u015f 2 pikap arac\u0131n\u0131 aralar\u0131nda bilinen tehlikeli isimlerin bulundu\u011fu 11 ter\u00f6ristle birlikte imha ettiklerini kaydetti<\/p>\n","protected":false},"excerpt":{"rendered":"<p>Kaynak \u015fafak vaktinde d\u00fczenlenen operasyonda a\u011f\u0131r askeri bir arac\u0131n yan\u0131 s\u0131ra a\u011f\u0131r makineli silahla donat\u0131lm\u0131\u015f 2 pikap arac\u0131n\u0131 aralar\u0131nda bilinen tehlikeli isimlerin bulundu\u011fu 11 ter\u00f6ristle birlikte imha ettiklerini kaydetti<\/p>\n","protected":false},"author":1,"featured_media":0,"comment_status":"closed","ping_status":"closed","sticky":false,"template":"","format":"standard","meta":{"footnotes":""},"categories":[17991],"tags":[],"class_list":["post-85520","post","type-post","status-publish","format-standard","","category-son-dakika"],"_links":{"self":[{"href":"https:\/\/archive.sana.sy\/tr\/index.php?rest_route=\/wp\/v2\/posts\/85520","targetHints":{"allow":["GET"]}}],"collection":[{"href":"https:\/\/archive.sana.sy\/tr\/index.php?rest_route=\/wp\/v2\/posts"}],"about":[{"href":"https:\/\/archive.sana.sy\/tr\/index.php?rest_route=\/wp\/v2\/types\/post"}],"author":[{"embeddable":true,"href":"https:\/\/archive.sana.sy\/tr\/index.php?rest_route=\/wp\/v2\/users\/1"}],"replies":[{"embeddable":true,"href":"https:\/\/archive.sana.sy\/tr\/index.php?rest_route=%2Fwp%2Fv2%2Fcomments&post=85520"}],"version-history":[{"count":0,"href":"https:\/\/archive.sana.sy\/tr\/index.php?rest_route=\/wp\/v2\/posts\/85520\/revisions"}],"wp:attachment":[{"href":"https:\/\/archive.sana.sy\/tr\/index.php?rest_route=%2Fwp%2Fv2%2Fmedia&parent=85520"}],"wp:term":[{"taxonomy":"category","embeddable":true,"href":"https:\/\/archive.sana.sy\/tr\/index.php?rest_route=%2Fwp%2Fv2%2Fcategories&post=85520"},{"taxonomy":"post_tag","embeddable":true,"href":"https:\/\/archive.sana.sy\/tr\/index.php?rest_route=%2Fwp%2Fv2%2Ftags&post=85520"}],"curies":[{"name":"wp","href":"https:\/\/api.w.org\/{rel}","templated":true}]}}