{"id":8557,"date":"2014-08-30T14:29:22","date_gmt":"2014-08-30T11:29:22","guid":{"rendered":"http:\/\/www.sana.sy\/tr\/?p=8557"},"modified":"2014-08-31T13:18:15","modified_gmt":"2014-08-31T10:18:15","slug":"sivil-yerlesim-alanlarina-gaddar-saldirilar-devam-ederken-kacirdiklari-avukati-oldurduler","status":"publish","type":"post","link":"https:\/\/archive.sana.sy\/tr\/?p=8557","title":{"rendered":"Sivil yerle\u015fim Alanlar\u0131na Gaddar Sald\u0131r\u0131lar Devam Ederken, Ka\u00e7\u0131rd\u0131klar\u0131 Avukat\u0131 \u00d6ld\u00fcrd\u00fcler"},"content":{"rendered":"<p>\u0130LLER \u2013 D\u0131\u015f g\u00fc\u00e7lerin patronajl\u0131\u011f\u0131ndaki tekfirci ve hain ter\u00f6r \u00e7eteleri muhtelif b\u00f6lgelerde sivil yerle\u015fim alanlar\u0131na havan sald\u0131r\u0131lar\u0131n\u0131 s\u00fcrd\u00fcr\u00fcrlerken, ge\u00e7en hafta Deyrezzor k\u0131rsal\u0131nda ka\u00e7\u0131rd\u0131klar\u0131 bir avukat\u0131 idam ettiler.<\/p>\n<p>Deyrezzor Valili\u011finde yetkili bir kaynak I\u015e\u0130D tekfircilerinin ge\u00e7en hafta Deyrezzor Kentinden \u015eam istikametinde yol alan Deyrezzor Barolar Birli\u011fi \u0130l \u015eubesi \u00fcyesi Avukat Davut el \u015eahir\u2019i el \u015euvla B\u00f6lgesinde yolunu keserek ka\u00e7\u0131rmalar\u0131 ard\u0131ndan bug\u00fcn onu idam ettiklerini belirtti.<\/p>\n<p>\u00d6te yandan tekfirci ve hain ter\u00f6ristler bug\u00fcn \u015eam\u2019\u0131n eski semtlerinden \u015ea\u011fur B\u00f6lgesini bir havan mermisiyle hedef almalar\u0131 sonucunda gen\u00e7 bir k\u0131z yaraland\u0131.<\/p>\n<p>Ter\u00f6r \u00e7eteleri d\u00fcn \u015eam\u2019da \u015eehit Basil el Esad \u00d6\u011frenci Yurdunun yan\u0131 s\u0131ra \u015eam\u2019da bir dizi sivil yerle\u015fim b\u00f6lgesini havanlarla hedef almalar\u0131 sonucunda aralar\u0131nda 3 \u00fcniversite \u00f6\u011frencisinin bulundu\u011fu 4 vatanda\u015f yaraland\u0131.<\/p>\n","protected":false},"excerpt":{"rendered":"<p>\u0130LLER \u2013 D\u0131\u015f g\u00fc\u00e7lerin patronajl\u0131\u011f\u0131ndaki tekfirci ve hain ter\u00f6r \u00e7eteleri muhtelif b\u00f6lgelerde sivil yerle\u015fim alanlar\u0131na havan sald\u0131r\u0131lar\u0131n\u0131 s\u00fcrd\u00fcr\u00fcrlerken, ge\u00e7en hafta Deyrezzor k\u0131rsal\u0131nda ka\u00e7\u0131rd\u0131klar\u0131 bir avukat\u0131 idam ettiler. Deyrezzor Valili\u011finde yetkili bir kaynak I\u015e\u0130D tekfircilerinin ge\u00e7en hafta Deyrezzor Kentinden \u015eam istikametinde yol alan Deyrezzor Barolar Birli\u011fi \u0130l \u015eubesi \u00fcyesi Avukat Davut el \u015eahir\u2019i el \u015euvla B\u00f6lgesinde &hellip;<\/p>\n","protected":false},"author":1,"featured_media":8558,"comment_status":"closed","ping_status":"closed","sticky":false,"template":"","format":"standard","meta":{"footnotes":""},"categories":[479,575,478],"tags":[1921,1920],"class_list":["post-8557","post","type-post","status-publish","format-standard","has-post-thumbnail","","category-haberler-yerel","category-olaylar-ve-gercekler","category-yerel","tag-kacirdiklari-avukati-oldurduler","tag-sivil-yerlesim-alanlarina-gaddar-saldirilar-devam-ederken"],"_links":{"self":[{"href":"https:\/\/archive.sana.sy\/tr\/index.php?rest_route=\/wp\/v2\/posts\/8557","targetHints":{"allow":["GET"]}}],"collection":[{"href":"https:\/\/archive.sana.sy\/tr\/index.php?rest_route=\/wp\/v2\/posts"}],"about":[{"href":"https:\/\/archive.sana.sy\/tr\/index.php?rest_route=\/wp\/v2\/types\/post"}],"author":[{"embeddable":true,"href":"https:\/\/archive.sana.sy\/tr\/index.php?rest_route=\/wp\/v2\/users\/1"}],"replies":[{"embeddable":true,"href":"https:\/\/archive.sana.sy\/tr\/index.php?rest_route=%2Fwp%2Fv2%2Fcomments&post=8557"}],"version-history":[{"count":0,"href":"https:\/\/archive.sana.sy\/tr\/index.php?rest_route=\/wp\/v2\/posts\/8557\/revisions"}],"wp:featuredmedia":[{"embeddable":true,"href":"https:\/\/archive.sana.sy\/tr\/index.php?rest_route=\/wp\/v2\/media\/8558"}],"wp:attachment":[{"href":"https:\/\/archive.sana.sy\/tr\/index.php?rest_route=%2Fwp%2Fv2%2Fmedia&parent=8557"}],"wp:term":[{"taxonomy":"category","embeddable":true,"href":"https:\/\/archive.sana.sy\/tr\/index.php?rest_route=%2Fwp%2Fv2%2Fcategories&post=8557"},{"taxonomy":"post_tag","embeddable":true,"href":"https:\/\/archive.sana.sy\/tr\/index.php?rest_route=%2Fwp%2Fv2%2Ftags&post=8557"}],"curies":[{"name":"wp","href":"https:\/\/api.w.org\/{rel}","templated":true}]}}