{"id":85577,"date":"2016-08-29T10:45:34","date_gmt":"2016-08-29T07:45:34","guid":{"rendered":"http:\/\/www.sana.sy\/tr\/?p=85577"},"modified":"2016-08-31T11:50:17","modified_gmt":"2016-08-31T08:50:17","slug":"abdnin-isbirligine-baglidir","status":"publish","type":"post","link":"https:\/\/archive.sana.sy\/tr\/?p=85577","title":{"rendered":"ABD\u2019nin \u0130\u015fbirli\u011fine Ba\u011fl\u0131d\u0131r"},"content":{"rendered":"<p>MOSKOVA \u2013 Rusya D\u0131\u015fi\u015fleri Bakanl\u0131\u011f\u0131nda bir kaynak Suriye konusunda ABD ile anla\u015fmaya varman\u0131n, ABD\u2019nin ne derecede i\u015fbirli\u011fi i\u00e7inde olmaya haz\u0131r oldu\u011funa ba\u011fl\u0131 oldu\u011funu kaydetti.<\/p>\n<p>Sputnike \u00f6zel a\u00e7\u0131klamada bulunan s\u00f6z konusu Rus kaynak; Moskova\u2019n\u0131n, \u00f6n\u00fcm\u00fczdeki k\u0131sa s\u00fcre i\u00e7inde Cenevre&#8217;de Rus ve Amerikal\u0131 teknik uzmanlar aras\u0131nda yap\u0131lacak temaslar temelinde ABD ile anla\u015fma umudunda oldu\u011funu ifade etti. Rus kaynak bu ad\u0131m\u0131n olduk\u00e7a karma\u015f\u0131k bir mesele oldu\u011funa dikkat \u00e7ekerken, ABD\u2019nin ne derecede i\u015fbirli\u011fi sergilemeye haz\u0131r oldu\u011funa ba\u011fl\u0131 oldu\u011funu belirtti.<\/p>\n","protected":false},"excerpt":{"rendered":"<p>MOSKOVA \u2013 Rusya D\u0131\u015fi\u015fleri Bakanl\u0131\u011f\u0131nda bir kaynak Suriye konusunda ABD ile anla\u015fmaya varman\u0131n, ABD\u2019nin ne derecede i\u015fbirli\u011fi i\u00e7inde olmaya haz\u0131r oldu\u011funa ba\u011fl\u0131 oldu\u011funu kaydetti. Sputnike \u00f6zel a\u00e7\u0131klamada bulunan s\u00f6z konusu Rus kaynak; Moskova\u2019n\u0131n, \u00f6n\u00fcm\u00fczdeki k\u0131sa s\u00fcre i\u00e7inde Cenevre&#8217;de Rus ve Amerikal\u0131 teknik uzmanlar aras\u0131nda yap\u0131lacak temaslar temelinde ABD ile anla\u015fma umudunda oldu\u011funu ifade etti. Rus &hellip;<\/p>\n","protected":false},"author":1,"featured_media":67324,"comment_status":"closed","ping_status":"closed","sticky":false,"template":"","format":"standard","meta":{"footnotes":""},"categories":[458,459,17988],"tags":[23540],"class_list":["post-85577","post","type-post","status-publish","format-standard","has-post-thumbnail","","category-dunya1","category-haberler-arap-uluslararasi-politika","category-son-haberler","tag-abdnin-isbirligine-baglidir"],"_links":{"self":[{"href":"https:\/\/archive.sana.sy\/tr\/index.php?rest_route=\/wp\/v2\/posts\/85577","targetHints":{"allow":["GET"]}}],"collection":[{"href":"https:\/\/archive.sana.sy\/tr\/index.php?rest_route=\/wp\/v2\/posts"}],"about":[{"href":"https:\/\/archive.sana.sy\/tr\/index.php?rest_route=\/wp\/v2\/types\/post"}],"author":[{"embeddable":true,"href":"https:\/\/archive.sana.sy\/tr\/index.php?rest_route=\/wp\/v2\/users\/1"}],"replies":[{"embeddable":true,"href":"https:\/\/archive.sana.sy\/tr\/index.php?rest_route=%2Fwp%2Fv2%2Fcomments&post=85577"}],"version-history":[{"count":0,"href":"https:\/\/archive.sana.sy\/tr\/index.php?rest_route=\/wp\/v2\/posts\/85577\/revisions"}],"wp:featuredmedia":[{"embeddable":true,"href":"https:\/\/archive.sana.sy\/tr\/index.php?rest_route=\/wp\/v2\/media\/67324"}],"wp:attachment":[{"href":"https:\/\/archive.sana.sy\/tr\/index.php?rest_route=%2Fwp%2Fv2%2Fmedia&parent=85577"}],"wp:term":[{"taxonomy":"category","embeddable":true,"href":"https:\/\/archive.sana.sy\/tr\/index.php?rest_route=%2Fwp%2Fv2%2Fcategories&post=85577"},{"taxonomy":"post_tag","embeddable":true,"href":"https:\/\/archive.sana.sy\/tr\/index.php?rest_route=%2Fwp%2Fv2%2Ftags&post=85577"}],"curies":[{"name":"wp","href":"https:\/\/api.w.org\/{rel}","templated":true}]}}