{"id":85590,"date":"2016-08-29T19:00:42","date_gmt":"2016-08-29T16:00:42","guid":{"rendered":"http:\/\/www.sana.sy\/tr\/?p=85590"},"modified":"2016-08-30T17:25:59","modified_gmt":"2016-08-30T14:25:59","slug":"siper-ve-araclariyla-etkisizlestiriliyorlar","status":"publish","type":"post","link":"https:\/\/archive.sana.sy\/tr\/?p=85590","title":{"rendered":"Siper ve Ara\u00e7lar\u0131yla Etkisizle\u015ftiriliyorlar"},"content":{"rendered":"<p>\u0130LLER\u2013 Suriye ve halk\u0131na d\u00fc\u015fman g\u00fc\u00e7ler ve i\u015fbirlik\u00e7ileri b\u00f6lgesel rejimlerin planlar\u0131na hizmet eden \u00e7okuluslu ve hain ter\u00f6re kar\u015f\u0131 operasyonlar\u0131nda ordu birliklerimiz bug\u00fcn aralar\u0131nda saha komutanlar\u0131n\u0131n bulundu\u011fu y\u00fcksek say\u0131da ter\u00f6risti siper, karargah ve ara\u00e7lar\u0131yla birlikte etkisizle\u015ftirdi.<\/p>\n<p><span style=\"color: #0000ff\">HAMA:<\/span><\/p>\n<p>Askeri kaynak ordu birliklerimizin Hama k\u0131rsal\u0131n\u0131n g\u00fcneybat\u0131 k\u0131rsal\u0131 Talaf Beldesi ve civar\u0131nda d\u0131\u015f g\u00fc\u00e7lere hizmet eden ter\u00f6ristlerin mevkilerini nitelikli bir operasyonla hedef ald\u0131klar\u0131n\u0131 kaydetti. Kaynak \u015fafak vaktinde d\u00fczenlenen operasyonda a\u011f\u0131r askeri bir arac\u0131n yan\u0131 s\u0131ra a\u011f\u0131r makineli silahla donat\u0131lm\u0131\u015f 2 pikap arac\u0131n\u0131 aralar\u0131nda bilinen tehlikeli isimlerin bulundu\u011fu 11 ter\u00f6ristle birlikte imha ettiklerini kaydetti.<\/p>\n<p>Ak\u015fam saatlerinde a\u00e7\u0131klama yapan bir kaynak; hava g\u00fc\u00e7lerimizin Hama k\u0131rsal\u0131n\u0131n kuzeyi Morik, Latamina, Masasne, Helfaya, Muarkebbe, Zellakiyat ve Kefar Zeytta b\u00f6lgelerinde Nusra Cephesine tabi toplanma yerleri ve mevkilerini hedef ald\u0131klar\u0131n\u0131 ifade etti. Kaynak; operasyonlarda \u00e7ok say\u0131da ter\u00f6ristin \u00f6l\u00fc ve yaral\u0131 d\u00fc\u015f\u00fcr\u00fcl\u00fcp bir k\u0131sm\u0131 muhtelif t\u00fcr makineli silahlarla donat\u0131lm\u0131\u015f, bir k\u0131sm\u0131 da z\u0131rhl\u0131 ara\u00e7lar\u0131n\u0131n imha edildi\u011fine dikkat \u00e7ekti.<\/p>\n<p><span style=\"color: #0000ff\">DERA<\/span>:<\/p>\n<p>Bu arada Dera Beled&#8217;te \u0130srail&#8217;den destek alan ter\u00f6r \u00f6rg\u00fctlerin komuta karargahlar\u0131 ve mevkilere y\u00f6nelik nitelikli operasyonlar ger\u00e7ekle\u015ftiren ordu birliklerimiz; buralarda da \u00e7ok say\u0131da ter\u00f6risti \u00f6l\u00fc ve yaral\u0131 d\u00fc\u015f\u00fcr\u00fcp top rampalar\u0131n\u0131 ekipleriyle birlikte tamamen yok etti.<\/p>\n<p><span style=\"color: #0000ff\">S\u00dcVEYDA:<\/span><\/p>\n<p>Di\u011fer yandan S\u00fcveyda k\u0131rsal\u0131n\u0131n do\u011fusu el \u015eebbiyke K\u00f6y\u00fcn\u00fcn do\u011fusunda ordu birliklerimizin I\u015e\u0130D&#8217;in toplanma merkezleri ve mevkilerini yo\u011fun ate\u015fe tutuklar\u0131n\u0131 belirten askeri kaynak; tekfircileri say\u0131 ve te\u00e7hizatlar\u0131yla birlikte a\u011f\u0131r kay\u0131plara u\u011fratt\u0131klar\u0131n\u0131 s\u00f6yledi.<\/p>\n<p><span style=\"color: #0000ff\">HOMS:<\/span><\/p>\n<p>Buna e\u015f zamanl\u0131 olarak askeri kaynak; hava g\u00fc\u00e7lerimizden destek alan ordu birliklerimizin Homs k\u0131rsal\u0131n\u0131n kuzeyi Cabborin \u2013 Um \u015eer\u015fuh ekseninin yan\u0131 s\u0131ra Coret Hesyan ve Anz Mezralar\u0131 b\u00f6lgelerinde y\u00fcksek say\u0131da ter\u00f6risti \u00f6l\u00fc ve yaral\u0131 d\u00fc\u015f\u00fcrd\u00fcklerini aktard\u0131. Kaynak; operasyonlarda da bir f\u00fcze rampas\u0131 ve bir dozerinin yan\u0131 s\u0131ra \u00fc\u00e7 motosikletin imha edildi\u011fine s\u00f6zlerine ekledi.<\/p>\n<p>Ayn\u0131 kaynak Homs k\u0131rsal\u0131n\u0131n do\u011fusu Cezl Petrol Sahas\u0131n\u0131n civar\u0131nda da hava g\u00fc\u00e7lerimizin I\u015e\u0130D\u2019li tekfircilere ait toplanma yerleri ve ara\u00e7lar\u0131n\u0131 y\u00fckleriyle birlikte tamamen yok ettiklerine dikkat \u00e7ekti.<\/p>\n<p>R.H.<\/p>\n","protected":false},"excerpt":{"rendered":"<p>\u0130LLER\u2013 Suriye ve halk\u0131na d\u00fc\u015fman g\u00fc\u00e7ler ve i\u015fbirlik\u00e7ileri b\u00f6lgesel rejimlerin planlar\u0131na hizmet eden \u00e7okuluslu ve hain ter\u00f6re kar\u015f\u0131 operasyonlar\u0131nda ordu birliklerimiz bug\u00fcn aralar\u0131nda saha komutanlar\u0131n\u0131n bulundu\u011fu y\u00fcksek say\u0131da ter\u00f6risti siper, karargah ve ara\u00e7lar\u0131yla birlikte etkisizle\u015ftirdi. HAMA: Askeri kaynak ordu birliklerimizin Hama k\u0131rsal\u0131n\u0131n g\u00fcneybat\u0131 k\u0131rsal\u0131 Talaf Beldesi ve civar\u0131nda d\u0131\u015f g\u00fc\u00e7lere hizmet eden ter\u00f6ristlerin mevkilerini nitelikli &hellip;<\/p>\n","protected":false},"author":1,"featured_media":85591,"comment_status":"closed","ping_status":"closed","sticky":false,"template":"","format":"standard","meta":{"footnotes":""},"categories":[575,17988],"tags":[],"class_list":["post-85590","post","type-post","status-publish","format-standard","has-post-thumbnail","","category-olaylar-ve-gercekler","category-son-haberler"],"_links":{"self":[{"href":"https:\/\/archive.sana.sy\/tr\/index.php?rest_route=\/wp\/v2\/posts\/85590","targetHints":{"allow":["GET"]}}],"collection":[{"href":"https:\/\/archive.sana.sy\/tr\/index.php?rest_route=\/wp\/v2\/posts"}],"about":[{"href":"https:\/\/archive.sana.sy\/tr\/index.php?rest_route=\/wp\/v2\/types\/post"}],"author":[{"embeddable":true,"href":"https:\/\/archive.sana.sy\/tr\/index.php?rest_route=\/wp\/v2\/users\/1"}],"replies":[{"embeddable":true,"href":"https:\/\/archive.sana.sy\/tr\/index.php?rest_route=%2Fwp%2Fv2%2Fcomments&post=85590"}],"version-history":[{"count":0,"href":"https:\/\/archive.sana.sy\/tr\/index.php?rest_route=\/wp\/v2\/posts\/85590\/revisions"}],"wp:featuredmedia":[{"embeddable":true,"href":"https:\/\/archive.sana.sy\/tr\/index.php?rest_route=\/wp\/v2\/media\/85591"}],"wp:attachment":[{"href":"https:\/\/archive.sana.sy\/tr\/index.php?rest_route=%2Fwp%2Fv2%2Fmedia&parent=85590"}],"wp:term":[{"taxonomy":"category","embeddable":true,"href":"https:\/\/archive.sana.sy\/tr\/index.php?rest_route=%2Fwp%2Fv2%2Fcategories&post=85590"},{"taxonomy":"post_tag","embeddable":true,"href":"https:\/\/archive.sana.sy\/tr\/index.php?rest_route=%2Fwp%2Fv2%2Ftags&post=85590"}],"curies":[{"name":"wp","href":"https:\/\/api.w.org\/{rel}","templated":true}]}}