{"id":85593,"date":"2016-08-29T17:11:40","date_gmt":"2016-08-29T14:11:40","guid":{"rendered":"http:\/\/www.sana.sy\/tr\/?p=85593"},"modified":"2016-08-30T09:12:27","modified_gmt":"2016-08-30T06:12:27","slug":"belarus-ile-ticari-ve-yatirim-iliskileri-gundeme-getirildi","status":"publish","type":"post","link":"https:\/\/archive.sana.sy\/tr\/?p=85593","title":{"rendered":"Belarus ile Ticari ve Yat\u0131r\u0131m \u0130li\u015fkileri G\u00fcndeme Getirildi"},"content":{"rendered":"<p>\u015eAM \u2013 Ekonomi ve D\u0131\u015f Ticaret Bakan\u0131 Edip Meyyale Belarus&#8217;un \u015eam B\u00fcy\u00fckel\u00e7isi Alexander Ponomarev ile iki \u00fclke aras\u0131nda ekonomik, ticari ve ortak yat\u0131r\u0131m ili\u015fkilerini artt\u0131rma olanaklar\u0131n\u0131 masaya yat\u0131rd\u0131.<\/p>\n<p>Suriye Belarus Ortak \u0130\u015fadamlar\u0131 Konseyinin etkinle\u015ftirilmesi gere\u011fine vurgu yapan iki taraf, iki \u00fclke i\u015fadamlar\u0131 aras\u0131nda ortak \u00e7al\u0131\u015fmalarda bulunma amac\u0131yla Suriyeli i\u015fadamlar\u0131ndan bir heyetin ba\u015fkent Minsk\u2019e ziyaret organize etme \u00e7a\u011fr\u0131s\u0131nda bulundu.<\/p>\n<p>Belarus i\u015fadamlar\u0131 ve \u015firketlerinin Suriye&#8217;deki projelerini hayata ge\u00e7irme ve ask\u0131daki projeleri yeniden etkinle\u015ftirme gere\u011fini ifade eden Meyyale, bunlar\u0131n yan\u0131 s\u0131ra yeni ortak yat\u0131r\u0131mlarda bulunma davetinde bulundu. Meyyale iki taraf aras\u0131nda ortak sanayi projelerini hayata ge\u00e7irme olana\u011f\u0131n\u0131n mevcut oldu\u011funa dikkat \u00e7ekerken, Suriye&#8217;de \u00fcretilen sebze meyvelerin Belarus\u2019a ihra\u00e7 etme te\u015fviki yap\u0131lmas\u0131n\u0131n \u00f6nemini kaydetti.<\/p>\n<p>Belarus B\u00fcy\u00fckel\u00e7isi ise \u00fclkesinden i\u015fadamlar\u0131 ve \u015firketlerin 7 ila 11 Eyl\u00fcl tarihleri aras\u0131nda Uluslararas\u0131 \u015eam Fuar Kentinde d\u00fczenlenecek Suriye&#8217;yi Yeniden Yap\u0131land\u0131rma fuar\u0131na kat\u0131lacaklar\u0131n\u0131 belirtti. Belarus b\u00fcy\u00fckel\u00e7isi ayn\u0131 zamanda iki \u00fclke aras\u0131nda i\u015fadamlar\u0131 ve turist seyahatini kolayla\u015ft\u0131rma amac\u0131yla \u015eam ile Minsk aras\u0131nda u\u00e7ak seferlerinin olu\u015fturulmas\u0131 gere\u011fini ifade etti.<\/p>\n","protected":false},"excerpt":{"rendered":"<p>\u015eAM \u2013 Ekonomi ve D\u0131\u015f Ticaret Bakan\u0131 Edip Meyyale Belarus&#8217;un \u015eam B\u00fcy\u00fckel\u00e7isi Alexander Ponomarev ile iki \u00fclke aras\u0131nda ekonomik, ticari ve ortak yat\u0131r\u0131m ili\u015fkilerini artt\u0131rma olanaklar\u0131n\u0131 masaya yat\u0131rd\u0131. Suriye Belarus Ortak \u0130\u015fadamlar\u0131 Konseyinin etkinle\u015ftirilmesi gere\u011fine vurgu yapan iki taraf, iki \u00fclke i\u015fadamlar\u0131 aras\u0131nda ortak \u00e7al\u0131\u015fmalarda bulunma amac\u0131yla Suriyeli i\u015fadamlar\u0131ndan bir heyetin ba\u015fkent Minsk\u2019e ziyaret organize &hellip;<\/p>\n","protected":false},"author":1,"featured_media":85594,"comment_status":"closed","ping_status":"closed","sticky":false,"template":"","format":"standard","meta":{"footnotes":""},"categories":[485,486,479,17988,478],"tags":[23542,23543,22647],"class_list":["post-85593","post","type-post","status-publish","format-standard","has-post-thumbnail","","category-is-ve-sermaye","category-haberler-is-ve-sermaye","category-haberler-yerel","category-son-haberler","category-yerel","tag-belarus-ile-ticari-ve-yatirim-iliskileri-gundeme-getirildi","tag-belarusun-sam-buyukelcisi-alexander-ponomarev","tag-ekonomi-ve-dis-ticaret-bakani-edip-meyyale"],"_links":{"self":[{"href":"https:\/\/archive.sana.sy\/tr\/index.php?rest_route=\/wp\/v2\/posts\/85593","targetHints":{"allow":["GET"]}}],"collection":[{"href":"https:\/\/archive.sana.sy\/tr\/index.php?rest_route=\/wp\/v2\/posts"}],"about":[{"href":"https:\/\/archive.sana.sy\/tr\/index.php?rest_route=\/wp\/v2\/types\/post"}],"author":[{"embeddable":true,"href":"https:\/\/archive.sana.sy\/tr\/index.php?rest_route=\/wp\/v2\/users\/1"}],"replies":[{"embeddable":true,"href":"https:\/\/archive.sana.sy\/tr\/index.php?rest_route=%2Fwp%2Fv2%2Fcomments&post=85593"}],"version-history":[{"count":0,"href":"https:\/\/archive.sana.sy\/tr\/index.php?rest_route=\/wp\/v2\/posts\/85593\/revisions"}],"wp:featuredmedia":[{"embeddable":true,"href":"https:\/\/archive.sana.sy\/tr\/index.php?rest_route=\/wp\/v2\/media\/85594"}],"wp:attachment":[{"href":"https:\/\/archive.sana.sy\/tr\/index.php?rest_route=%2Fwp%2Fv2%2Fmedia&parent=85593"}],"wp:term":[{"taxonomy":"category","embeddable":true,"href":"https:\/\/archive.sana.sy\/tr\/index.php?rest_route=%2Fwp%2Fv2%2Fcategories&post=85593"},{"taxonomy":"post_tag","embeddable":true,"href":"https:\/\/archive.sana.sy\/tr\/index.php?rest_route=%2Fwp%2Fv2%2Ftags&post=85593"}],"curies":[{"name":"wp","href":"https:\/\/api.w.org\/{rel}","templated":true}]}}