{"id":85601,"date":"2016-08-29T17:44:03","date_gmt":"2016-08-29T14:44:03","guid":{"rendered":"http:\/\/www.sana.sy\/tr\/?p=85601"},"modified":"2016-08-29T17:41:22","modified_gmt":"2016-08-29T14:41:22","slug":"suriyenin-ankarada-iktidarda-bulunan-rejimin-suriye-halkina-karsi-islemeye-devam-ettigi-katliam-ve-saldirilari-keskin-ifadelerle-kinadigini-vurgulayan-bakanlik-bu-saldirilarda-savunmasiz-sivil-i","status":"publish","type":"post","link":"https:\/\/archive.sana.sy\/tr\/?p=85601","title":{"rendered":"Suriye&#8217;nin, Ankara&#8217;da iktidarda bulunan rejimin Suriye halk\u0131na kar\u015f\u0131 i\u015flemeye devam etti\u011fi katliam ve sald\u0131r\u0131lar\u0131 keskin ifadelerle k\u0131nad\u0131\u011f\u0131n\u0131 vurgulayan bakanl\u0131k; bu sald\u0131r\u0131larda savunmas\u0131z sivil insanlar\u0131n kurban gittiklerine dikkat \u00e7ekti"},"content":{"rendered":"<p>Suriye&#8217;nin, Ankara&#8217;da iktidarda bulunan rejimin Suriye halk\u0131na kar\u015f\u0131 i\u015flemeye devam etti\u011fi katliam ve sald\u0131r\u0131lar\u0131 keskin ifadelerle k\u0131nad\u0131\u011f\u0131n\u0131 vurgulayan bakanl\u0131k; bu sald\u0131r\u0131larda savunmas\u0131z sivil insanlar\u0131n kurban gittiklerine dikkat \u00e7ekti<\/p>\n","protected":false},"excerpt":{"rendered":"<p>Suriye&#8217;nin, Ankara&#8217;da iktidarda bulunan rejimin Suriye halk\u0131na kar\u015f\u0131 i\u015flemeye devam etti\u011fi katliam ve sald\u0131r\u0131lar\u0131 keskin ifadelerle k\u0131nad\u0131\u011f\u0131n\u0131 vurgulayan bakanl\u0131k; bu sald\u0131r\u0131larda savunmas\u0131z sivil insanlar\u0131n kurban gittiklerine dikkat \u00e7ekti<\/p>\n","protected":false},"author":1,"featured_media":0,"comment_status":"closed","ping_status":"closed","sticky":false,"template":"","format":"standard","meta":{"footnotes":""},"categories":[17991],"tags":[],"class_list":["post-85601","post","type-post","status-publish","format-standard","","category-son-dakika"],"_links":{"self":[{"href":"https:\/\/archive.sana.sy\/tr\/index.php?rest_route=\/wp\/v2\/posts\/85601","targetHints":{"allow":["GET"]}}],"collection":[{"href":"https:\/\/archive.sana.sy\/tr\/index.php?rest_route=\/wp\/v2\/posts"}],"about":[{"href":"https:\/\/archive.sana.sy\/tr\/index.php?rest_route=\/wp\/v2\/types\/post"}],"author":[{"embeddable":true,"href":"https:\/\/archive.sana.sy\/tr\/index.php?rest_route=\/wp\/v2\/users\/1"}],"replies":[{"embeddable":true,"href":"https:\/\/archive.sana.sy\/tr\/index.php?rest_route=%2Fwp%2Fv2%2Fcomments&post=85601"}],"version-history":[{"count":0,"href":"https:\/\/archive.sana.sy\/tr\/index.php?rest_route=\/wp\/v2\/posts\/85601\/revisions"}],"wp:attachment":[{"href":"https:\/\/archive.sana.sy\/tr\/index.php?rest_route=%2Fwp%2Fv2%2Fmedia&parent=85601"}],"wp:term":[{"taxonomy":"category","embeddable":true,"href":"https:\/\/archive.sana.sy\/tr\/index.php?rest_route=%2Fwp%2Fv2%2Fcategories&post=85601"},{"taxonomy":"post_tag","embeddable":true,"href":"https:\/\/archive.sana.sy\/tr\/index.php?rest_route=%2Fwp%2Fv2%2Ftags&post=85601"}],"curies":[{"name":"wp","href":"https:\/\/api.w.org\/{rel}","templated":true}]}}