{"id":85602,"date":"2016-08-29T17:49:00","date_gmt":"2016-08-29T14:49:00","guid":{"rendered":"http:\/\/www.sana.sy\/tr\/?p=85602"},"modified":"2016-08-29T17:43:33","modified_gmt":"2016-08-29T14:43:33","slug":"bakanlik-abd-fransa-ingiltere-suudi-arabistan-ve-katarin-suriyede-silahli-teror-orgutlere-ilaveten-turkiye-rejimine-muhtelif-tur-destek-ve-korumayi-surdurduklerine-vurgu-yaparken-bunun","status":"publish","type":"post","link":"https:\/\/archive.sana.sy\/tr\/?p=85602","title":{"rendered":"Bakanl\u0131k ABD, Fransa, \u0130ngiltere, Suudi Arabistan ve Katar\u2019\u0131n Suriye&#8217;de silahl\u0131 ter\u00f6r \u00f6rg\u00fctlere ilaveten T\u00fcrkiye rejimine muhtelif t\u00fcr destek ve korumay\u0131 s\u00fcrd\u00fcrd\u00fcklerine vurgu yaparken, bunun sadece Suriye&#8217;de de\u011fil t\u00fcm d\u00fcnyada ter\u00f6re a\u00e7\u0131k ve aleni bir destek oldu\u011funun alt\u0131n\u0131 \u00e7izdi"},"content":{"rendered":"<p>Bakanl\u0131k ABD, Fransa, \u0130ngiltere, Suudi Arabistan ve Katar\u2019\u0131n Suriye&#8217;de silahl\u0131 ter\u00f6r \u00f6rg\u00fctlere ilaveten T\u00fcrkiye rejimine muhtelif t\u00fcr destek ve korumay\u0131 s\u00fcrd\u00fcrd\u00fcklerine vurgu yaparken, bunun sadece Suriye&#8217;de de\u011fil t\u00fcm d\u00fcnyada ter\u00f6re a\u00e7\u0131k ve aleni bir destek oldu\u011funun alt\u0131n\u0131 \u00e7izdi<\/p>\n","protected":false},"excerpt":{"rendered":"<p>Bakanl\u0131k ABD, Fransa, \u0130ngiltere, Suudi Arabistan ve Katar\u2019\u0131n Suriye&#8217;de silahl\u0131 ter\u00f6r \u00f6rg\u00fctlere ilaveten T\u00fcrkiye rejimine muhtelif t\u00fcr destek ve korumay\u0131 s\u00fcrd\u00fcrd\u00fcklerine vurgu yaparken, bunun sadece Suriye&#8217;de de\u011fil t\u00fcm d\u00fcnyada ter\u00f6re a\u00e7\u0131k ve aleni bir destek oldu\u011funun alt\u0131n\u0131 \u00e7izdi<\/p>\n","protected":false},"author":1,"featured_media":0,"comment_status":"closed","ping_status":"closed","sticky":false,"template":"","format":"standard","meta":{"footnotes":""},"categories":[17991],"tags":[],"class_list":["post-85602","post","type-post","status-publish","format-standard","","category-son-dakika"],"_links":{"self":[{"href":"https:\/\/archive.sana.sy\/tr\/index.php?rest_route=\/wp\/v2\/posts\/85602","targetHints":{"allow":["GET"]}}],"collection":[{"href":"https:\/\/archive.sana.sy\/tr\/index.php?rest_route=\/wp\/v2\/posts"}],"about":[{"href":"https:\/\/archive.sana.sy\/tr\/index.php?rest_route=\/wp\/v2\/types\/post"}],"author":[{"embeddable":true,"href":"https:\/\/archive.sana.sy\/tr\/index.php?rest_route=\/wp\/v2\/users\/1"}],"replies":[{"embeddable":true,"href":"https:\/\/archive.sana.sy\/tr\/index.php?rest_route=%2Fwp%2Fv2%2Fcomments&post=85602"}],"version-history":[{"count":0,"href":"https:\/\/archive.sana.sy\/tr\/index.php?rest_route=\/wp\/v2\/posts\/85602\/revisions"}],"wp:attachment":[{"href":"https:\/\/archive.sana.sy\/tr\/index.php?rest_route=%2Fwp%2Fv2%2Fmedia&parent=85602"}],"wp:term":[{"taxonomy":"category","embeddable":true,"href":"https:\/\/archive.sana.sy\/tr\/index.php?rest_route=%2Fwp%2Fv2%2Fcategories&post=85602"},{"taxonomy":"post_tag","embeddable":true,"href":"https:\/\/archive.sana.sy\/tr\/index.php?rest_route=%2Fwp%2Fv2%2Ftags&post=85602"}],"curies":[{"name":"wp","href":"https:\/\/api.w.org\/{rel}","templated":true}]}}