{"id":85607,"date":"2016-08-29T20:30:07","date_gmt":"2016-08-29T17:30:07","guid":{"rendered":"http:\/\/www.sana.sy\/tr\/?p=85607"},"modified":"2016-08-30T16:12:47","modified_gmt":"2016-08-30T13:12:47","slug":"50-koy-ve-belde-anlasmaya-katildi","status":"publish","type":"post","link":"https:\/\/archive.sana.sy\/tr\/?p=85607","title":{"rendered":"50 K\u00f6y ve Belde Anla\u015fmaya Kat\u0131ld\u0131"},"content":{"rendered":"<p>HOMS \u2013 Homs Valili\u011finin ulusal uzla\u015fma \u00e7abalar\u0131 kapsam\u0131nda bug\u00fcn Homs Kentinin yakla\u015f\u0131k 20 km do\u011fusunda yer alan Reyyan K\u00f6y\u00fcnde d\u00fczenledi\u011fi etkinlikte 50 k\u00f6y ve belde \u00e7at\u0131\u015fmalar\u0131 durdurma anla\u015fmas\u0131na kat\u0131ld\u0131.<\/p>\n<p>Lazkiye k\u0131rsal\u0131 Hmeymim Hava \u00dcss\u00fcnde anla\u015fmay\u0131 izleme ve koordinasyon Rus merkezin i\u015fbirli\u011fi ile d\u00fczenlenen etkinli\u011fe a\u015firet reisleri ve halk\u0131n \u00f6nde gelen \u015fahsiyetleri kat\u0131ld\u0131.<\/p>\n<p>Suriye Ordusunda Orta B\u00f6lge Komutan\u0131 uzla\u015fma etkinli\u011finde yapt\u0131\u011f\u0131 konu\u015fmada Homs \u0130linin tan\u0131k oldu\u011fu yerel uzla\u015fmalar\u0131n, kapsaml\u0131 ulusal uzla\u015fma yolunda \u00f6nemli bir ad\u0131m te\u015fkil etti\u011fine dikkat \u00e7ekti.<\/p>\n<p>Etkinli\u011fe kat\u0131lan a\u015firet reislerinden Avda A\u015fireti Meclisi Ba\u015fkan\u0131 \u015eeyh Ahmet Avda bu gibi faaliyetin; Suriyelilerin irade ve azimlerinin yan\u0131 s\u0131ra kanlar\u0131n d\u00f6k\u00fclmesine son verme arzular\u0131n\u0131 yans\u0131tt\u0131\u011f\u0131n\u0131 kaydetti.<\/p>\n<div id='gallery-1' class='gallery galleryid-85607 gallery-columns-3 gallery-size-thumbnail'><figure class='gallery-item'>\n\t\t\t<div class='gallery-icon landscape'>\n\t\t\t\t<a href='https:\/\/archive.sana.sy\/tr\/wp-content\/uploads\/2016\/08\/uzla\u015fma-2.jpg'><img loading=\"lazy\" decoding=\"async\" width=\"150\" height=\"75\" src=\"https:\/\/archive.sana.sy\/tr\/wp-content\/uploads\/2016\/08\/uzla\u015fma-2-150x75.jpg\" class=\"attachment-thumbnail size-thumbnail\" alt=\"\" srcset=\"https:\/\/archive.sana.sy\/tr\/wp-content\/uploads\/2016\/08\/uzla\u015fma-2-150x75.jpg 150w, https:\/\/archive.sana.sy\/tr\/wp-content\/uploads\/2016\/08\/uzla\u015fma-2-300x150.jpg 300w, https:\/\/archive.sana.sy\/tr\/wp-content\/uploads\/2016\/08\/uzla\u015fma-2.jpg 660w\" sizes=\"auto, (max-width: 150px) 100vw, 150px\" \/><\/a>\n\t\t\t<\/div><\/figure><figure class='gallery-item'>\n\t\t\t<div class='gallery-icon landscape'>\n\t\t\t\t<a href='https:\/\/archive.sana.sy\/tr\/wp-content\/uploads\/2016\/08\/uzla\u015fma1.jpg'><img loading=\"lazy\" decoding=\"async\" width=\"150\" height=\"75\" src=\"https:\/\/archive.sana.sy\/tr\/wp-content\/uploads\/2016\/08\/uzla\u015fma1-150x75.jpg\" class=\"attachment-thumbnail size-thumbnail\" alt=\"\" srcset=\"https:\/\/archive.sana.sy\/tr\/wp-content\/uploads\/2016\/08\/uzla\u015fma1-150x75.jpg 150w, https:\/\/archive.sana.sy\/tr\/wp-content\/uploads\/2016\/08\/uzla\u015fma1-300x150.jpg 300w, https:\/\/archive.sana.sy\/tr\/wp-content\/uploads\/2016\/08\/uzla\u015fma1.jpg 660w\" sizes=\"auto, (max-width: 150px) 100vw, 150px\" \/><\/a>\n\t\t\t<\/div><\/figure><figure class='gallery-item'>\n\t\t\t<div class='gallery-icon landscape'>\n\t\t\t\t<a href='https:\/\/archive.sana.sy\/tr\/wp-content\/uploads\/2016\/08\/uzla\u015fma-2-1.jpg'><img loading=\"lazy\" decoding=\"async\" width=\"150\" height=\"75\" src=\"https:\/\/archive.sana.sy\/tr\/wp-content\/uploads\/2016\/08\/uzla\u015fma-2-1-150x75.jpg\" class=\"attachment-thumbnail size-thumbnail\" alt=\"\" srcset=\"https:\/\/archive.sana.sy\/tr\/wp-content\/uploads\/2016\/08\/uzla\u015fma-2-1-150x75.jpg 150w, https:\/\/archive.sana.sy\/tr\/wp-content\/uploads\/2016\/08\/uzla\u015fma-2-1-300x150.jpg 300w, https:\/\/archive.sana.sy\/tr\/wp-content\/uploads\/2016\/08\/uzla\u015fma-2-1.jpg 660w\" sizes=\"auto, (max-width: 150px) 100vw, 150px\" \/><\/a>\n\t\t\t<\/div><\/figure>\n\t\t<\/div>\n\n","protected":false},"excerpt":{"rendered":"<p>HOMS \u2013 Homs Valili\u011finin ulusal uzla\u015fma \u00e7abalar\u0131 kapsam\u0131nda bug\u00fcn Homs Kentinin yakla\u015f\u0131k 20 km do\u011fusunda yer alan Reyyan K\u00f6y\u00fcnde d\u00fczenledi\u011fi etkinlikte 50 k\u00f6y ve belde \u00e7at\u0131\u015fmalar\u0131 durdurma anla\u015fmas\u0131na kat\u0131ld\u0131. Lazkiye k\u0131rsal\u0131 Hmeymim Hava \u00dcss\u00fcnde anla\u015fmay\u0131 izleme ve koordinasyon Rus merkezin i\u015fbirli\u011fi ile d\u00fczenlenen etkinli\u011fe a\u015firet reisleri ve halk\u0131n \u00f6nde gelen \u015fahsiyetleri kat\u0131ld\u0131. Suriye Ordusunda Orta &hellip;<\/p>\n","protected":false},"author":1,"featured_media":85610,"comment_status":"closed","ping_status":"closed","sticky":false,"template":"","format":"standard","meta":{"footnotes":""},"categories":[479,575,17988,478],"tags":[23546,23547],"class_list":["post-85607","post","type-post","status-publish","format-standard","has-post-thumbnail","","category-haberler-yerel","category-olaylar-ve-gercekler","category-son-haberler","category-yerel","tag-50-koy-ve-belde-anlasmaya-katildi","tag-homs-valiliginin-ulusal-uzlasma-cabalari"],"_links":{"self":[{"href":"https:\/\/archive.sana.sy\/tr\/index.php?rest_route=\/wp\/v2\/posts\/85607","targetHints":{"allow":["GET"]}}],"collection":[{"href":"https:\/\/archive.sana.sy\/tr\/index.php?rest_route=\/wp\/v2\/posts"}],"about":[{"href":"https:\/\/archive.sana.sy\/tr\/index.php?rest_route=\/wp\/v2\/types\/post"}],"author":[{"embeddable":true,"href":"https:\/\/archive.sana.sy\/tr\/index.php?rest_route=\/wp\/v2\/users\/1"}],"replies":[{"embeddable":true,"href":"https:\/\/archive.sana.sy\/tr\/index.php?rest_route=%2Fwp%2Fv2%2Fcomments&post=85607"}],"version-history":[{"count":0,"href":"https:\/\/archive.sana.sy\/tr\/index.php?rest_route=\/wp\/v2\/posts\/85607\/revisions"}],"wp:featuredmedia":[{"embeddable":true,"href":"https:\/\/archive.sana.sy\/tr\/index.php?rest_route=\/wp\/v2\/media\/85610"}],"wp:attachment":[{"href":"https:\/\/archive.sana.sy\/tr\/index.php?rest_route=%2Fwp%2Fv2%2Fmedia&parent=85607"}],"wp:term":[{"taxonomy":"category","embeddable":true,"href":"https:\/\/archive.sana.sy\/tr\/index.php?rest_route=%2Fwp%2Fv2%2Fcategories&post=85607"},{"taxonomy":"post_tag","embeddable":true,"href":"https:\/\/archive.sana.sy\/tr\/index.php?rest_route=%2Fwp%2Fv2%2Ftags&post=85607"}],"curies":[{"name":"wp","href":"https:\/\/api.w.org\/{rel}","templated":true}]}}