{"id":8562,"date":"2014-08-30T20:24:45","date_gmt":"2014-08-30T17:24:45","guid":{"rendered":"http:\/\/www.sana.sy\/tr\/?p=8562"},"modified":"2014-09-01T13:25:10","modified_gmt":"2014-09-01T10:25:10","slug":"milli-yuzucumuz-onemli-2-uluslararasi-yarismaya-katiliyor","status":"publish","type":"post","link":"https:\/\/archive.sana.sy\/tr\/?p=8562","title":{"rendered":"Milli Y\u00fcz\u00fcc\u00fcm\u00fcz \u00d6nemli 2 Uluslararas\u0131 Yar\u0131\u015fmaya Kat\u0131l\u0131yor"},"content":{"rendered":"<p>\u015eAM \u2013 Milli y\u00fcz\u00fcc\u00fcm\u00fcz Salih Muhammed D\u00fcnya Uzun Mesafeli Y\u00fczme \u015eampiyonas\u0131 \u00e7er\u00e7evesinde \u00f6n\u00fcm\u00fczdeki \u00c7ar\u015famba g\u00fcn\u00fc \u0130talya\u2019da ba\u015flayacak Akdeniz uzun mesafeli y\u00fczme \u015fampiyonas\u0131n\u0131n yan\u0131 s\u0131ra buna e\u015f zamanl\u0131 olarak 36 km mesafeyle d\u00fczenlenecek Cabri Napoli yar\u0131\u015fmas\u0131na kat\u0131lacak.<\/p>\n<p>Yine D\u00fcnya Y\u00fczme \u015eampiyonas\u0131 kapsam\u0131nda ge\u00e7en \u015eubat ay\u0131nda Arjantin\u2019de 88 km mesafede d\u00fczenlenen Parana Yar\u0131\u015f\u0131nda ikincili alan Muhammed SANA\u2019ya a\u00e7\u0131klamas\u0131nda Suriye ad\u0131na g\u00fczel ba\u015far\u0131lar sa\u011flama umudunda oldu\u011funu s\u00f6yledi.<\/p>\n","protected":false},"excerpt":{"rendered":"<p>\u015eAM \u2013 Milli y\u00fcz\u00fcc\u00fcm\u00fcz Salih Muhammed D\u00fcnya Uzun Mesafeli Y\u00fczme \u015eampiyonas\u0131 \u00e7er\u00e7evesinde \u00f6n\u00fcm\u00fczdeki \u00c7ar\u015famba g\u00fcn\u00fc \u0130talya\u2019da ba\u015flayacak Akdeniz uzun mesafeli y\u00fczme \u015fampiyonas\u0131n\u0131n yan\u0131 s\u0131ra buna e\u015f zamanl\u0131 olarak 36 km mesafeyle d\u00fczenlenecek Cabri Napoli yar\u0131\u015fmas\u0131na kat\u0131lacak. Yine D\u00fcnya Y\u00fczme \u015eampiyonas\u0131 kapsam\u0131nda ge\u00e7en \u015eubat ay\u0131nda Arjantin\u2019de 88 km mesafede d\u00fczenlenen Parana Yar\u0131\u015f\u0131nda ikincili alan Muhammed SANA\u2019ya &hellip;<\/p>\n","protected":false},"author":1,"featured_media":8704,"comment_status":"closed","ping_status":"closed","sticky":false,"template":"","format":"standard","meta":{"footnotes":""},"categories":[498,496],"tags":[1922],"class_list":["post-8562","post","type-post","status-publish","format-standard","has-post-thumbnail","","category-dunya-turnuvalari","category-spor","tag-milli-yuzucumuz-onemli-2-uluslararasi-yarismaya-katiliyor"],"_links":{"self":[{"href":"https:\/\/archive.sana.sy\/tr\/index.php?rest_route=\/wp\/v2\/posts\/8562","targetHints":{"allow":["GET"]}}],"collection":[{"href":"https:\/\/archive.sana.sy\/tr\/index.php?rest_route=\/wp\/v2\/posts"}],"about":[{"href":"https:\/\/archive.sana.sy\/tr\/index.php?rest_route=\/wp\/v2\/types\/post"}],"author":[{"embeddable":true,"href":"https:\/\/archive.sana.sy\/tr\/index.php?rest_route=\/wp\/v2\/users\/1"}],"replies":[{"embeddable":true,"href":"https:\/\/archive.sana.sy\/tr\/index.php?rest_route=%2Fwp%2Fv2%2Fcomments&post=8562"}],"version-history":[{"count":0,"href":"https:\/\/archive.sana.sy\/tr\/index.php?rest_route=\/wp\/v2\/posts\/8562\/revisions"}],"wp:featuredmedia":[{"embeddable":true,"href":"https:\/\/archive.sana.sy\/tr\/index.php?rest_route=\/wp\/v2\/media\/8704"}],"wp:attachment":[{"href":"https:\/\/archive.sana.sy\/tr\/index.php?rest_route=%2Fwp%2Fv2%2Fmedia&parent=8562"}],"wp:term":[{"taxonomy":"category","embeddable":true,"href":"https:\/\/archive.sana.sy\/tr\/index.php?rest_route=%2Fwp%2Fv2%2Fcategories&post=8562"},{"taxonomy":"post_tag","embeddable":true,"href":"https:\/\/archive.sana.sy\/tr\/index.php?rest_route=%2Fwp%2Fv2%2Ftags&post=8562"}],"curies":[{"name":"wp","href":"https:\/\/api.w.org\/{rel}","templated":true}]}}