{"id":8564,"date":"2014-08-30T20:38:16","date_gmt":"2014-08-30T17:38:16","guid":{"rendered":"http:\/\/www.sana.sy\/tr\/?p=8564"},"modified":"2014-08-30T20:38:16","modified_gmt":"2014-08-30T17:38:16","slug":"golanda-filipinli-askerler-ile-teror-gruplari-arasinda-catisma","status":"publish","type":"post","link":"https:\/\/archive.sana.sy\/tr\/?p=8564","title":{"rendered":"Golan\u2019da Filipinli Askerler ile Ter\u00f6r Gruplar\u0131 Aras\u0131nda \u00c7at\u0131\u015fma"},"content":{"rendered":"<p>MAN\u0130LA \u2013 Filipinler h\u00fck\u00fcmeti bug\u00fcn; \u0130srail i\u015fgali alt\u0131ndaki Golan topraklar\u0131nda g\u00f6rev yapan Birle\u015fmi\u015f Milletler ate\u015fkesi denetleme g\u00fc\u00e7leri UNDOF\u2019ta bulunan Filipinli g\u00fc\u00e7ler ile silahl\u0131 ter\u00f6r gruplar\u0131 aras\u0131nda \u00e7at\u0131\u015fmalar\u0131n ya\u015fand\u0131\u011f\u0131n\u0131 ilan etti.<\/p>\n<p>AFP\u2019nin aktard\u0131\u011f\u0131 ve bas\u0131n mensuplar\u0131na y\u00f6neltti\u011fi yaz\u0131l\u0131 mesaj\u0131nda Filipinler Savunma Bakan\u0131 Voltaire Gazmin; UNDOF g\u00fc\u00e7lerinde g\u00f6rev yapan Filipinli 72 askerin Golan topraklar\u0131nda iki mevkide silahl\u0131 gruplar taraf\u0131ndan ablukaya al\u0131nd\u0131klar\u0131n\u0131 belirtti. Gazmin; Filipinli askerlerin bir mevkide silahl\u0131 gruplar\u0131n ablukas\u0131ndan kurtulmay\u0131 ba\u015fard\u0131klar\u0131n\u0131, di\u011fer mevkide ise \u00e7at\u0131\u015fmalar\u0131n devam etti\u011fini s\u00f6yledi.<\/p>\n<p>\u00c7at\u0131\u015fmalar\u0131n bug\u00fcn erken saatlerde meydana geldi\u011fini s\u00f6yleyen Gazmin; Filipinli askerlerin psikolojilerinin y\u00fcksek d\u00fczeyde oldu\u011funu s\u00f6ylerken, \u00e7at\u0131\u015fmalar\u0131n sonu\u00e7lar\u0131 hakk\u0131nda bilgi vermedi.<\/p>\n<p>Filipinler ordu s\u00f6zc\u00fcs\u00fc daha sonra yapt\u0131\u011f\u0131 a\u00e7\u0131klamada \u00e7at\u0131\u015fmalar\u0131n sabah saatlerinde oldu\u011funu, fakat gergin durumun devam etti\u011fini s\u00f6ylerken Filipinli t\u00fcm askerlerin iyi durumda olduklar\u0131n\u0131 belirtti.<\/p>\n<p>Filipinli askeri bir kaynak ise silahl\u0131 ter\u00f6ristlerin Fijili bir asker arac\u0131l\u0131\u011f\u0131 ile Filipinli askerlere mesaj g\u00f6nderdiklerini ve teslim olmalar\u0131n\u0131 talep ettiklerine dikkat \u00e7ekerken, Filipinli askerlerin bunu reddetmeleri \u00fczerine \u00e7at\u0131\u015fmalar oldu\u011funu s\u00f6yledi.<\/p>\n","protected":false},"excerpt":{"rendered":"<p>MAN\u0130LA \u2013 Filipinler h\u00fck\u00fcmeti bug\u00fcn; \u0130srail i\u015fgali alt\u0131ndaki Golan topraklar\u0131nda g\u00f6rev yapan Birle\u015fmi\u015f Milletler ate\u015fkesi denetleme g\u00fc\u00e7leri UNDOF\u2019ta bulunan Filipinli g\u00fc\u00e7ler ile silahl\u0131 ter\u00f6r gruplar\u0131 aras\u0131nda \u00e7at\u0131\u015fmalar\u0131n ya\u015fand\u0131\u011f\u0131n\u0131 ilan etti. AFP\u2019nin aktard\u0131\u011f\u0131 ve bas\u0131n mensuplar\u0131na y\u00f6neltti\u011fi yaz\u0131l\u0131 mesaj\u0131nda Filipinler Savunma Bakan\u0131 Voltaire Gazmin; UNDOF g\u00fc\u00e7lerinde g\u00f6rev yapan Filipinli 72 askerin Golan topraklar\u0131nda iki mevkide silahl\u0131 &hellip;<\/p>\n","protected":false},"author":1,"featured_media":8565,"comment_status":"closed","ping_status":"closed","sticky":false,"template":"","format":"standard","meta":{"footnotes":""},"categories":[458,459,575,447],"tags":[1923],"class_list":["post-8564","post","type-post","status-publish","format-standard","has-post-thumbnail","","category-dunya1","category-haberler-arap-uluslararasi-politika","category-olaylar-ve-gercekler","category-politika","tag-golanda-filipinli-askerler-ile-teror-gruplari-arasinda-catisma"],"_links":{"self":[{"href":"https:\/\/archive.sana.sy\/tr\/index.php?rest_route=\/wp\/v2\/posts\/8564","targetHints":{"allow":["GET"]}}],"collection":[{"href":"https:\/\/archive.sana.sy\/tr\/index.php?rest_route=\/wp\/v2\/posts"}],"about":[{"href":"https:\/\/archive.sana.sy\/tr\/index.php?rest_route=\/wp\/v2\/types\/post"}],"author":[{"embeddable":true,"href":"https:\/\/archive.sana.sy\/tr\/index.php?rest_route=\/wp\/v2\/users\/1"}],"replies":[{"embeddable":true,"href":"https:\/\/archive.sana.sy\/tr\/index.php?rest_route=%2Fwp%2Fv2%2Fcomments&post=8564"}],"version-history":[{"count":0,"href":"https:\/\/archive.sana.sy\/tr\/index.php?rest_route=\/wp\/v2\/posts\/8564\/revisions"}],"wp:featuredmedia":[{"embeddable":true,"href":"https:\/\/archive.sana.sy\/tr\/index.php?rest_route=\/wp\/v2\/media\/8565"}],"wp:attachment":[{"href":"https:\/\/archive.sana.sy\/tr\/index.php?rest_route=%2Fwp%2Fv2%2Fmedia&parent=8564"}],"wp:term":[{"taxonomy":"category","embeddable":true,"href":"https:\/\/archive.sana.sy\/tr\/index.php?rest_route=%2Fwp%2Fv2%2Fcategories&post=8564"},{"taxonomy":"post_tag","embeddable":true,"href":"https:\/\/archive.sana.sy\/tr\/index.php?rest_route=%2Fwp%2Fv2%2Ftags&post=8564"}],"curies":[{"name":"wp","href":"https:\/\/api.w.org\/{rel}","templated":true}]}}