{"id":85681,"date":"2016-08-30T11:50:49","date_gmt":"2016-08-30T08:50:49","guid":{"rendered":"http:\/\/www.sana.sy\/tr\/?p=85681"},"modified":"2016-08-30T13:56:48","modified_gmt":"2016-08-30T10:56:48","slug":"bm-genel-sekreterinin-suriye-ozel-temsilcisi-staffan-de-mistura-suriyedeki-krizin-cozumu-konusunda-rusya-ve-abd-arasinda-bu-hafta-cenevrede-yapilmasi-beklenen-gorusmelerin-suriyede-catismalarin","status":"publish","type":"post","link":"https:\/\/archive.sana.sy\/tr\/?p=85681","title":{"rendered":"BM genel sekreterinin Suriye \u00f6zel temsilcisi Staffan de Mistura Suriye&#8217;deki krizin \u00e7\u00f6z\u00fcm\u00fc konusunda Rusya ve ABD aras\u0131nda bu hafta Cenevre&#8217;de yap\u0131lmas\u0131 beklenen g\u00f6r\u00fc\u015fmelerin Suriye&#8217;de \u00e7at\u0131\u015fmalar\u0131n durdurulmas\u0131 konusunda belirleyici olaca\u011f\u0131n\u0131 s\u00f6yledi"},"content":{"rendered":"<p>BM genel sekreterinin Suriye \u00f6zel temsilcisi Staffan de Mistura Suriye&#8217;deki krizin \u00e7\u00f6z\u00fcm\u00fc konusunda Rusya ve ABD aras\u0131nda bu hafta Cenevre&#8217;de yap\u0131lmas\u0131 beklenen g\u00f6r\u00fc\u015fmelerin Suriye&#8217;de \u00e7at\u0131\u015fmalar\u0131n durdurulmas\u0131 konusunda belirleyici olaca\u011f\u0131n\u0131 s\u00f6yledi<\/p>\n","protected":false},"excerpt":{"rendered":"<p>BM genel sekreterinin Suriye \u00f6zel temsilcisi Staffan de Mistura Suriye&#8217;deki krizin \u00e7\u00f6z\u00fcm\u00fc konusunda Rusya ve ABD aras\u0131nda bu hafta Cenevre&#8217;de yap\u0131lmas\u0131 beklenen g\u00f6r\u00fc\u015fmelerin Suriye&#8217;de \u00e7at\u0131\u015fmalar\u0131n durdurulmas\u0131 konusunda belirleyici olaca\u011f\u0131n\u0131 s\u00f6yledi<\/p>\n","protected":false},"author":1,"featured_media":0,"comment_status":"closed","ping_status":"closed","sticky":false,"template":"","format":"standard","meta":{"footnotes":""},"categories":[17991],"tags":[],"class_list":["post-85681","post","type-post","status-publish","format-standard","","category-son-dakika"],"_links":{"self":[{"href":"https:\/\/archive.sana.sy\/tr\/index.php?rest_route=\/wp\/v2\/posts\/85681","targetHints":{"allow":["GET"]}}],"collection":[{"href":"https:\/\/archive.sana.sy\/tr\/index.php?rest_route=\/wp\/v2\/posts"}],"about":[{"href":"https:\/\/archive.sana.sy\/tr\/index.php?rest_route=\/wp\/v2\/types\/post"}],"author":[{"embeddable":true,"href":"https:\/\/archive.sana.sy\/tr\/index.php?rest_route=\/wp\/v2\/users\/1"}],"replies":[{"embeddable":true,"href":"https:\/\/archive.sana.sy\/tr\/index.php?rest_route=%2Fwp%2Fv2%2Fcomments&post=85681"}],"version-history":[{"count":0,"href":"https:\/\/archive.sana.sy\/tr\/index.php?rest_route=\/wp\/v2\/posts\/85681\/revisions"}],"wp:attachment":[{"href":"https:\/\/archive.sana.sy\/tr\/index.php?rest_route=%2Fwp%2Fv2%2Fmedia&parent=85681"}],"wp:term":[{"taxonomy":"category","embeddable":true,"href":"https:\/\/archive.sana.sy\/tr\/index.php?rest_route=%2Fwp%2Fv2%2Fcategories&post=85681"},{"taxonomy":"post_tag","embeddable":true,"href":"https:\/\/archive.sana.sy\/tr\/index.php?rest_route=%2Fwp%2Fv2%2Ftags&post=85681"}],"curies":[{"name":"wp","href":"https:\/\/api.w.org\/{rel}","templated":true}]}}