{"id":85685,"date":"2016-08-30T11:45:20","date_gmt":"2016-08-30T08:45:20","guid":{"rendered":"http:\/\/www.sana.sy\/tr\/?p=85685"},"modified":"2016-08-31T11:51:02","modified_gmt":"2016-08-31T08:51:02","slug":"gunes-enerjisiyle-calisacak","status":"publish","type":"post","link":"https:\/\/archive.sana.sy\/tr\/?p=85685","title":{"rendered":"G\u00fcne\u015f Enerjisiyle \u00c7al\u0131\u015facak"},"content":{"rendered":"<p>DEYERZZOR \u2013 I\u015e\u0130D \u00d6rg\u00fct\u00fcn\u00fcn ablukas\u0131 alt\u0131nda bulunan Deyrezzor Kentinde mevcut zor ko\u015fullar\u0131n \u00fcstesinden gelebilme \u00e7abas\u0131nda Suriye K\u0131z\u0131lay\u2019\u0131 kentin Ummal Semtinde g\u00fcne\u015f enerjisiyle \u00e7al\u0131\u015facak su kuyusunun \u00e7al\u0131\u015fmalar\u0131n\u0131 tamamlad\u0131.<\/p>\n<p>BM \u00c7ocuk Esirgeme Kurumu UNICEF\u2019in i\u015fbirli\u011fi ile tamamlanan \u00e7al\u0131\u015fmalar konusunda K\u0131z\u0131lay \u00d6rg\u00fct\u00fcn\u00fcn Deyrezzor \u0130l \u015eube Ba\u015fkan\u0131 Enes A\u015f\u015favi; K\u0131z\u0131lay \u00e7al\u0131\u015fanlar\u0131n\u0131n su kuyusunu a\u00e7\u0131p g\u00fcne\u015f enerjisiyle \u00e7al\u0131\u015fmak \u00fczere kurgulad\u0131klar\u0131n\u0131 belirtti. A\u015f\u015favi \u00e7al\u0131\u015fmalar\u0131n tamamlanmas\u0131 ard\u0131ndan Deyrezzor Valili\u011fine teslim edilen su kuyusunun 6500\u2019den fazla vatanda\u015f\u0131n su ihtiyac\u0131n\u0131 kar\u015f\u0131layaca\u011f\u0131n\u0131 kaydetti.<\/p>\n<p>Kuyu suyunun ime haricinde t\u00fcm kullan\u0131mlara uygun oldu\u011funa dikkat \u00e7eken A\u015f\u015favi; K\u0131z\u0131lay\u2019\u0131n K\u0131z\u0131lha\u00e7 ile i\u015fbirli\u011fi i\u00e7inde Deyrezzor\u2019da bulunan t\u00fcm kuyular\u0131n sular\u0131n\u0131 ar\u0131nd\u0131rma \u00e7abalar\u0131nda bulundu\u011funu a\u00e7\u0131klad\u0131.<\/p>\n","protected":false},"excerpt":{"rendered":"<p>DEYERZZOR \u2013 I\u015e\u0130D \u00d6rg\u00fct\u00fcn\u00fcn ablukas\u0131 alt\u0131nda bulunan Deyrezzor Kentinde mevcut zor ko\u015fullar\u0131n \u00fcstesinden gelebilme \u00e7abas\u0131nda Suriye K\u0131z\u0131lay\u2019\u0131 kentin Ummal Semtinde g\u00fcne\u015f enerjisiyle \u00e7al\u0131\u015facak su kuyusunun \u00e7al\u0131\u015fmalar\u0131n\u0131 tamamlad\u0131. BM \u00c7ocuk Esirgeme Kurumu UNICEF\u2019in i\u015fbirli\u011fi ile tamamlanan \u00e7al\u0131\u015fmalar konusunda K\u0131z\u0131lay \u00d6rg\u00fct\u00fcn\u00fcn Deyrezzor \u0130l \u015eube Ba\u015fkan\u0131 Enes A\u015f\u015favi; K\u0131z\u0131lay \u00e7al\u0131\u015fanlar\u0131n\u0131n su kuyusunu a\u00e7\u0131p g\u00fcne\u015f enerjisiyle \u00e7al\u0131\u015fmak \u00fczere kurgulad\u0131klar\u0131n\u0131 &hellip;<\/p>\n","protected":false},"author":1,"featured_media":85693,"comment_status":"closed","ping_status":"closed","sticky":false,"template":"","format":"standard","meta":{"footnotes":""},"categories":[479,17988,478],"tags":[21130,23563,18492,18493,23562],"class_list":["post-85685","post","type-post","status-publish","format-standard","has-post-thumbnail","","category-haberler-yerel","category-son-haberler","category-yerel","tag-deyrezzor-kenti","tag-gunes-enerjisi","tag-kizilay","tag-kizilhac","tag-su-kuyusu"],"_links":{"self":[{"href":"https:\/\/archive.sana.sy\/tr\/index.php?rest_route=\/wp\/v2\/posts\/85685","targetHints":{"allow":["GET"]}}],"collection":[{"href":"https:\/\/archive.sana.sy\/tr\/index.php?rest_route=\/wp\/v2\/posts"}],"about":[{"href":"https:\/\/archive.sana.sy\/tr\/index.php?rest_route=\/wp\/v2\/types\/post"}],"author":[{"embeddable":true,"href":"https:\/\/archive.sana.sy\/tr\/index.php?rest_route=\/wp\/v2\/users\/1"}],"replies":[{"embeddable":true,"href":"https:\/\/archive.sana.sy\/tr\/index.php?rest_route=%2Fwp%2Fv2%2Fcomments&post=85685"}],"version-history":[{"count":0,"href":"https:\/\/archive.sana.sy\/tr\/index.php?rest_route=\/wp\/v2\/posts\/85685\/revisions"}],"wp:featuredmedia":[{"embeddable":true,"href":"https:\/\/archive.sana.sy\/tr\/index.php?rest_route=\/wp\/v2\/media\/85693"}],"wp:attachment":[{"href":"https:\/\/archive.sana.sy\/tr\/index.php?rest_route=%2Fwp%2Fv2%2Fmedia&parent=85685"}],"wp:term":[{"taxonomy":"category","embeddable":true,"href":"https:\/\/archive.sana.sy\/tr\/index.php?rest_route=%2Fwp%2Fv2%2Fcategories&post=85685"},{"taxonomy":"post_tag","embeddable":true,"href":"https:\/\/archive.sana.sy\/tr\/index.php?rest_route=%2Fwp%2Fv2%2Ftags&post=85685"}],"curies":[{"name":"wp","href":"https:\/\/api.w.org\/{rel}","templated":true}]}}