{"id":85692,"date":"2016-08-30T15:46:00","date_gmt":"2016-08-30T12:46:00","guid":{"rendered":"http:\/\/www.sana.sy\/tr\/?p=85692"},"modified":"2016-08-31T11:51:18","modified_gmt":"2016-08-31T08:51:18","slug":"fonun-kurulmasini-ongoren-kararname-onaylandi","status":"publish","type":"post","link":"https:\/\/archive.sana.sy\/tr\/?p=85692","title":{"rendered":"Fonun Kurulmas\u0131n\u0131 \u00d6ng\u00f6ren Kararname Onayland\u0131"},"content":{"rendered":"<p>\u015eAM \u2013 Cumhurba\u015fkan\u0131 Be\u015f\u015far el Esad bug\u00fcn hakimler, yarg\u0131\u00e7lar, savc\u0131lar ve devlet avukatlar\u0131n\u0131n faydalanabilece\u011fi bir fonun kurulmas\u0131n\u0131 \u00f6ng\u00f6ren 2016\/21 say\u0131l\u0131 kanunnameyi onaylad\u0131.<\/p>\n<p>Kanunname tasla\u011f\u0131 Halk Meclisi taraf\u0131ndan 31-07-2016 tarihinde tart\u0131\u015f\u0131l\u0131p karara ba\u011flanmas\u0131 ard\u0131ndan cumhurba\u015fkan\u0131 onay\u0131 i\u00e7in cumhurba\u015fkanl\u0131\u011f\u0131na sevk edilmi\u015fti.<\/p>\n","protected":false},"excerpt":{"rendered":"<p>\u015eAM \u2013 Cumhurba\u015fkan\u0131 Be\u015f\u015far el Esad bug\u00fcn hakimler, yarg\u0131\u00e7lar, savc\u0131lar ve devlet avukatlar\u0131n\u0131n faydalanabilece\u011fi bir fonun kurulmas\u0131n\u0131 \u00f6ng\u00f6ren 2016\/21 say\u0131l\u0131 kanunnameyi onaylad\u0131. Kanunname tasla\u011f\u0131 Halk Meclisi taraf\u0131ndan 31-07-2016 tarihinde tart\u0131\u015f\u0131l\u0131p karara ba\u011flanmas\u0131 ard\u0131ndan cumhurba\u015fkan\u0131 onay\u0131 i\u00e7in cumhurba\u015fkanl\u0131\u011f\u0131na sevk edilmi\u015fti.<\/p>\n","protected":false},"author":1,"featured_media":85696,"comment_status":"closed","ping_status":"closed","sticky":false,"template":"","format":"standard","meta":{"footnotes":""},"categories":[479,605,17988,612,599,478],"tags":[17256,19845,23564,23565,19946],"class_list":["post-85692","post","type-post","status-publish","format-standard","has-post-thumbnail","","category-haberler-yerel","category-sayin-cumhurbaskani","category-son-haberler","category-yasama-kararnameler","category-yasama-ve-kanunlar","category-yerel","tag-bessar-el-esad","tag-cumhurbaskanligi","tag-fon","tag-fonun-kurulmasini-ongoren-kararname-onaylandi","tag-kararname"],"_links":{"self":[{"href":"https:\/\/archive.sana.sy\/tr\/index.php?rest_route=\/wp\/v2\/posts\/85692","targetHints":{"allow":["GET"]}}],"collection":[{"href":"https:\/\/archive.sana.sy\/tr\/index.php?rest_route=\/wp\/v2\/posts"}],"about":[{"href":"https:\/\/archive.sana.sy\/tr\/index.php?rest_route=\/wp\/v2\/types\/post"}],"author":[{"embeddable":true,"href":"https:\/\/archive.sana.sy\/tr\/index.php?rest_route=\/wp\/v2\/users\/1"}],"replies":[{"embeddable":true,"href":"https:\/\/archive.sana.sy\/tr\/index.php?rest_route=%2Fwp%2Fv2%2Fcomments&post=85692"}],"version-history":[{"count":0,"href":"https:\/\/archive.sana.sy\/tr\/index.php?rest_route=\/wp\/v2\/posts\/85692\/revisions"}],"wp:featuredmedia":[{"embeddable":true,"href":"https:\/\/archive.sana.sy\/tr\/index.php?rest_route=\/wp\/v2\/media\/85696"}],"wp:attachment":[{"href":"https:\/\/archive.sana.sy\/tr\/index.php?rest_route=%2Fwp%2Fv2%2Fmedia&parent=85692"}],"wp:term":[{"taxonomy":"category","embeddable":true,"href":"https:\/\/archive.sana.sy\/tr\/index.php?rest_route=%2Fwp%2Fv2%2Fcategories&post=85692"},{"taxonomy":"post_tag","embeddable":true,"href":"https:\/\/archive.sana.sy\/tr\/index.php?rest_route=%2Fwp%2Fv2%2Ftags&post=85692"}],"curies":[{"name":"wp","href":"https:\/\/api.w.org\/{rel}","templated":true}]}}