{"id":85730,"date":"2016-08-30T16:38:13","date_gmt":"2016-08-30T13:38:13","guid":{"rendered":"http:\/\/www.sana.sy\/tr\/?p=85730"},"modified":"2016-08-31T11:51:36","modified_gmt":"2016-08-31T08:51:36","slug":"turizm-yatirimlari-etkinlestirilmelidir","status":"publish","type":"post","link":"https:\/\/archive.sana.sy\/tr\/?p=85730","title":{"rendered":"Turizm Yat\u0131r\u0131mlar\u0131 Etkinle\u015ftirilmelidir"},"content":{"rendered":"<p>\u015eAM \u2013 Turizm Bakan\u0131 Bu\u015fr Yaz\u0131c\u0131 bug\u00fcn bakanl\u0131\u011fa tabi merkezi m\u00fcd\u00fcrlerle d\u00fczenledi\u011fi toplant\u0131da; t\u00fcm \u015fekilleriyle turizm yat\u0131r\u0131mlar\u0131n\u0131 etkinle\u015ftirme ve devlet b\u00fct\u00e7esine katk\u0131 sa\u011flamalar\u0131n\u0131 sa\u011flama gere\u011finin alt\u0131n\u0131 \u00e7izdi.<\/p>\n<p>Bakan Yaz\u0131c\u0131 ilgili kurumlarla i\u015fbirli\u011fi en k\u0131sa s\u00fcre i\u00e7inde turizm yat\u0131r\u0131mlar\u0131na ili\u015fkin a\u00e7\u0131k ve etkin bir plan belirleme gere\u011fini vurgularken pazarlama ve tan\u0131t\u0131m \u00e7al\u0131\u015fmalar\u0131n\u0131n \u00f6nemine de dikkat \u00e7ekti.<\/p>\n<p>Otel ve restoranlar\u0131n\u0131n fiyat denetiminin yo\u011fun bir \u015fekilde s\u00fcrd\u00fcr\u00fclmesi gere\u011fini ifade eden Turizm Bakan\u0131 Yaz\u0131c\u0131; hizmet kalitesinin daimi bir \u015fekilde peki\u015ftirilmeye \u00e7al\u0131\u015f\u0131lmas\u0131, \u015eam\u2019\u0131n Dummar B\u00f6lgesindeki Turizm ve Otelcilik Enstit\u00fcs\u00fcn\u00fcn de yeniden hizmete a\u00e7\u0131lmas\u0131 \u00e7a\u011fr\u0131s\u0131nda bulundu.<\/p>\n<p>Bu arada Turizm Bakanl\u0131\u011f\u0131na tabi olarak \u015eam, Homs, S\u00fcveyda, Halep, Lazkiye, Tartus ve Haseke\u2019de 7 Turizm ve Otelcilik Enstit\u00fcs\u00fcn\u00fcn yan\u0131 s\u0131ra \u015eam, \u015eam K\u0131rsal\u0131, Halep, Lazkiye, Tartus ve Haseke\u2019de 13 Turizm Medresesi bulunuyor.<\/p>\n","protected":false},"excerpt":{"rendered":"<p>\u015eAM \u2013 Turizm Bakan\u0131 Bu\u015fr Yaz\u0131c\u0131 bug\u00fcn bakanl\u0131\u011fa tabi merkezi m\u00fcd\u00fcrlerle d\u00fczenledi\u011fi toplant\u0131da; t\u00fcm \u015fekilleriyle turizm yat\u0131r\u0131mlar\u0131n\u0131 etkinle\u015ftirme ve devlet b\u00fct\u00e7esine katk\u0131 sa\u011flamalar\u0131n\u0131 sa\u011flama gere\u011finin alt\u0131n\u0131 \u00e7izdi. Bakan Yaz\u0131c\u0131 ilgili kurumlarla i\u015fbirli\u011fi en k\u0131sa s\u00fcre i\u00e7inde turizm yat\u0131r\u0131mlar\u0131na ili\u015fkin a\u00e7\u0131k ve etkin bir plan belirleme gere\u011fini vurgularken pazarlama ve tan\u0131t\u0131m \u00e7al\u0131\u015fmalar\u0131n\u0131n \u00f6nemine de dikkat \u00e7ekti. &hellip;<\/p>\n","protected":false},"author":1,"featured_media":85733,"comment_status":"closed","ping_status":"closed","sticky":false,"template":"","format":"standard","meta":{"footnotes":""},"categories":[485,486,479,17988,2553,478],"tags":[18112,23568],"class_list":["post-85730","post","type-post","status-publish","format-standard","has-post-thumbnail","","category-is-ve-sermaye","category-haberler-is-ve-sermaye","category-haberler-yerel","category-son-haberler","category-turizm","category-yerel","tag-turizm-bakani-busr-yazici","tag-turizm-yatirimlari-etkinlestirilmelidir"],"_links":{"self":[{"href":"https:\/\/archive.sana.sy\/tr\/index.php?rest_route=\/wp\/v2\/posts\/85730","targetHints":{"allow":["GET"]}}],"collection":[{"href":"https:\/\/archive.sana.sy\/tr\/index.php?rest_route=\/wp\/v2\/posts"}],"about":[{"href":"https:\/\/archive.sana.sy\/tr\/index.php?rest_route=\/wp\/v2\/types\/post"}],"author":[{"embeddable":true,"href":"https:\/\/archive.sana.sy\/tr\/index.php?rest_route=\/wp\/v2\/users\/1"}],"replies":[{"embeddable":true,"href":"https:\/\/archive.sana.sy\/tr\/index.php?rest_route=%2Fwp%2Fv2%2Fcomments&post=85730"}],"version-history":[{"count":0,"href":"https:\/\/archive.sana.sy\/tr\/index.php?rest_route=\/wp\/v2\/posts\/85730\/revisions"}],"wp:featuredmedia":[{"embeddable":true,"href":"https:\/\/archive.sana.sy\/tr\/index.php?rest_route=\/wp\/v2\/media\/85733"}],"wp:attachment":[{"href":"https:\/\/archive.sana.sy\/tr\/index.php?rest_route=%2Fwp%2Fv2%2Fmedia&parent=85730"}],"wp:term":[{"taxonomy":"category","embeddable":true,"href":"https:\/\/archive.sana.sy\/tr\/index.php?rest_route=%2Fwp%2Fv2%2Fcategories&post=85730"},{"taxonomy":"post_tag","embeddable":true,"href":"https:\/\/archive.sana.sy\/tr\/index.php?rest_route=%2Fwp%2Fv2%2Ftags&post=85730"}],"curies":[{"name":"wp","href":"https:\/\/api.w.org\/{rel}","templated":true}]}}