{"id":85735,"date":"2016-08-30T16:48:51","date_gmt":"2016-08-30T13:48:51","guid":{"rendered":"http:\/\/www.sana.sy\/tr\/?p=85735"},"modified":"2016-08-31T11:51:50","modified_gmt":"2016-08-31T08:51:50","slug":"suriye-stantlari-yogun-ilgi-gordu","status":"publish","type":"post","link":"https:\/\/archive.sana.sy\/tr\/?p=85735","title":{"rendered":"Suriye Stantlar\u0131 Yo\u011fun \u0130lgi G\u00f6rd\u00fc"},"content":{"rendered":"<p>B\u00dcKRE\u015e \u2013 Romanya D\u0131\u015fi\u015fleri Bakanl\u0131\u011f\u0131n\u0131n Romanya K\u00fclt\u00fcr Bakanl\u0131\u011f\u0131 ve ESCO K\u00fclt\u00fcr \u00d6rg\u00fct\u00fcn\u00fcn i\u015fbirli\u011fi ile organize etti\u011fi B\u00fcy\u00fckel\u00e7iler K\u00fclt\u00fcr Festivali d\u00fcn ak\u015fam ba\u015fkent B\u00fckre\u015f\u2019te Suriye B\u00fcy\u00fckel\u00e7ili\u011finin kat\u0131l\u0131m\u0131yla faaliyetlerine ba\u015flad\u0131.<\/p>\n<p>Suriye B\u00fcy\u00fckel\u00e7ili\u011fi festivale ilki Roma Ulusal Tiyatro Salonunda kurulan, ikincisi de Uluslararas\u0131 Fuarlar Kentinde kurulan iki stant ile i\u015ftirak ederken iki stant Romanyal\u0131 yetkililer, kat\u0131l\u0131mc\u0131 diplomatik heyetler ve halk kitleleri taraf\u0131ndan b\u00fcy\u00fck bir ilgi g\u00f6rd\u00fc. Suriye uluslar aras\u0131 b\u00fcy\u00fck ve \u00f6nemli k\u00fclt\u00fcrel bir olgu niteli\u011fi say\u0131lan festivalde Suriye ve Suriyelilerin tarihi derin k\u00f6klere dayal\u0131 medeniyeti, k\u00fclt\u00fcr\u00fc ve folkloruna \u0131\u015f\u0131k tuttu. Suriye&#8217;de mevcut turizm olanaklar\u0131na da spot tutulan stantlarda Suriye; geleneksel el sanatlar\u0131, ah\u015fap oymalar\u0131, mozaik, el i\u015flemeleri, \u015eam kuma\u015flar\u0131, halk ayakkab\u0131lar\u0131, bak\u0131r i\u015flemeler, m\u00fczik aletleri, ah\u015fap mutfak gere\u00e7leri, cam sanat\u0131, porselen i\u015flemeleri ve sanat tablolar\u0131 yer ald\u0131.<\/p>\n<div id='gallery-1' class='gallery galleryid-85735 gallery-columns-3 gallery-size-medium'><figure class='gallery-item'>\n\t\t\t<div class='gallery-icon portrait'>\n\t\t\t\t<a href='https:\/\/archive.sana.sy\/tr\/wp-content\/uploads\/2016\/08\/2-83.jpg'><img loading=\"lazy\" decoding=\"async\" width=\"240\" height=\"300\" src=\"https:\/\/archive.sana.sy\/tr\/wp-content\/uploads\/2016\/08\/2-83-240x300.jpg\" class=\"attachment-medium size-medium\" alt=\"\" srcset=\"https:\/\/archive.sana.sy\/tr\/wp-content\/uploads\/2016\/08\/2-83-240x300.jpg 240w, https:\/\/archive.sana.sy\/tr\/wp-content\/uploads\/2016\/08\/2-83-120x150.jpg 120w, https:\/\/archive.sana.sy\/tr\/wp-content\/uploads\/2016\/08\/2-83.jpg 356w\" sizes=\"auto, (max-width: 240px) 100vw, 240px\" \/><\/a>\n\t\t\t<\/div><\/figure><figure class='gallery-item'>\n\t\t\t<div class='gallery-icon portrait'>\n\t\t\t\t<a href='https:\/\/archive.sana.sy\/tr\/wp-content\/uploads\/2016\/08\/3-65.jpg'><img loading=\"lazy\" decoding=\"async\" width=\"262\" height=\"300\" src=\"https:\/\/archive.sana.sy\/tr\/wp-content\/uploads\/2016\/08\/3-65-262x300.jpg\" class=\"attachment-medium size-medium\" alt=\"\" srcset=\"https:\/\/archive.sana.sy\/tr\/wp-content\/uploads\/2016\/08\/3-65-262x300.jpg 262w, https:\/\/archive.sana.sy\/tr\/wp-content\/uploads\/2016\/08\/3-65-131x150.jpg 131w, https:\/\/archive.sana.sy\/tr\/wp-content\/uploads\/2016\/08\/3-65.jpg 356w\" sizes=\"auto, (max-width: 262px) 100vw, 262px\" \/><\/a>\n\t\t\t<\/div><\/figure><figure class='gallery-item'>\n\t\t\t<div class='gallery-icon portrait'>\n\t\t\t\t<a href='https:\/\/archive.sana.sy\/tr\/wp-content\/uploads\/2016\/08\/4-56.jpg'><img loading=\"lazy\" decoding=\"async\" width=\"260\" height=\"300\" src=\"https:\/\/archive.sana.sy\/tr\/wp-content\/uploads\/2016\/08\/4-56-260x300.jpg\" class=\"attachment-medium size-medium\" alt=\"\" srcset=\"https:\/\/archive.sana.sy\/tr\/wp-content\/uploads\/2016\/08\/4-56-260x300.jpg 260w, https:\/\/archive.sana.sy\/tr\/wp-content\/uploads\/2016\/08\/4-56-130x150.jpg 130w, https:\/\/archive.sana.sy\/tr\/wp-content\/uploads\/2016\/08\/4-56.jpg 356w\" sizes=\"auto, (max-width: 260px) 100vw, 260px\" \/><\/a>\n\t\t\t<\/div><\/figure>\n\t\t<\/div>\n\n","protected":false},"excerpt":{"rendered":"<p>B\u00dcKRE\u015e \u2013 Romanya D\u0131\u015fi\u015fleri Bakanl\u0131\u011f\u0131n\u0131n Romanya K\u00fclt\u00fcr Bakanl\u0131\u011f\u0131 ve ESCO K\u00fclt\u00fcr \u00d6rg\u00fct\u00fcn\u00fcn i\u015fbirli\u011fi ile organize etti\u011fi B\u00fcy\u00fckel\u00e7iler K\u00fclt\u00fcr Festivali d\u00fcn ak\u015fam ba\u015fkent B\u00fckre\u015f\u2019te Suriye B\u00fcy\u00fckel\u00e7ili\u011finin kat\u0131l\u0131m\u0131yla faaliyetlerine ba\u015flad\u0131. Suriye B\u00fcy\u00fckel\u00e7ili\u011fi festivale ilki Roma Ulusal Tiyatro Salonunda kurulan, ikincisi de Uluslararas\u0131 Fuarlar Kentinde kurulan iki stant ile i\u015ftirak ederken iki stant Romanyal\u0131 yetkililer, kat\u0131l\u0131mc\u0131 diplomatik heyetler &hellip;<\/p>\n","protected":false},"author":1,"featured_media":85736,"comment_status":"closed","ping_status":"closed","sticky":false,"template":"","format":"standard","meta":{"footnotes":""},"categories":[479,516,511,17988,478],"tags":[23570,23569],"class_list":["post-85735","post","type-post","status-publish","format-standard","has-post-thumbnail","","category-haberler-yerel","category-haberler-kultur-ve-sanat","category-kultur-ve-sanat","category-son-haberler","category-yerel","tag-romanya-disisleri-bakanliginin-romanya-kultur-bakanligi-ve-esco-kultur-orgutunun-isbirligi","tag-suriye-stantlari-yogun-ilgi-gordu"],"_links":{"self":[{"href":"https:\/\/archive.sana.sy\/tr\/index.php?rest_route=\/wp\/v2\/posts\/85735","targetHints":{"allow":["GET"]}}],"collection":[{"href":"https:\/\/archive.sana.sy\/tr\/index.php?rest_route=\/wp\/v2\/posts"}],"about":[{"href":"https:\/\/archive.sana.sy\/tr\/index.php?rest_route=\/wp\/v2\/types\/post"}],"author":[{"embeddable":true,"href":"https:\/\/archive.sana.sy\/tr\/index.php?rest_route=\/wp\/v2\/users\/1"}],"replies":[{"embeddable":true,"href":"https:\/\/archive.sana.sy\/tr\/index.php?rest_route=%2Fwp%2Fv2%2Fcomments&post=85735"}],"version-history":[{"count":0,"href":"https:\/\/archive.sana.sy\/tr\/index.php?rest_route=\/wp\/v2\/posts\/85735\/revisions"}],"wp:featuredmedia":[{"embeddable":true,"href":"https:\/\/archive.sana.sy\/tr\/index.php?rest_route=\/wp\/v2\/media\/85736"}],"wp:attachment":[{"href":"https:\/\/archive.sana.sy\/tr\/index.php?rest_route=%2Fwp%2Fv2%2Fmedia&parent=85735"}],"wp:term":[{"taxonomy":"category","embeddable":true,"href":"https:\/\/archive.sana.sy\/tr\/index.php?rest_route=%2Fwp%2Fv2%2Fcategories&post=85735"},{"taxonomy":"post_tag","embeddable":true,"href":"https:\/\/archive.sana.sy\/tr\/index.php?rest_route=%2Fwp%2Fv2%2Ftags&post=85735"}],"curies":[{"name":"wp","href":"https:\/\/api.w.org\/{rel}","templated":true}]}}