{"id":85748,"date":"2016-08-30T14:08:43","date_gmt":"2016-08-30T11:08:43","guid":{"rendered":"http:\/\/www.sana.sy\/tr\/?p=85748"},"modified":"2016-08-30T17:06:30","modified_gmt":"2016-08-30T14:06:30","slug":"kaynak-gaddar-fuze-saldirilarinda-3-kisinin-sehit-8-kisinin-de-yarali-dustuklerini-aktardi","status":"publish","type":"post","link":"https:\/\/archive.sana.sy\/tr\/?p=85748","title":{"rendered":"Kaynak gaddar f\u00fcze sald\u0131r\u0131lar\u0131nda 3 ki\u015finin \u015fehit, 8 ki\u015finin de yaral\u0131 d\u00fc\u015ft\u00fcklerini aktard\u0131."},"content":{"rendered":"<p>Kaynak gaddar f\u00fcze sald\u0131r\u0131lar\u0131nda 3 ki\u015finin \u015fehit, 8 ki\u015finin de yaral\u0131 d\u00fc\u015ft\u00fcklerini aktard\u0131.<\/p>\n","protected":false},"excerpt":{"rendered":"<p>Kaynak gaddar f\u00fcze sald\u0131r\u0131lar\u0131nda 3 ki\u015finin \u015fehit, 8 ki\u015finin de yaral\u0131 d\u00fc\u015ft\u00fcklerini aktard\u0131.<\/p>\n","protected":false},"author":1,"featured_media":0,"comment_status":"closed","ping_status":"closed","sticky":false,"template":"","format":"standard","meta":{"footnotes":""},"categories":[17991],"tags":[],"class_list":["post-85748","post","type-post","status-publish","format-standard","","category-son-dakika"],"_links":{"self":[{"href":"https:\/\/archive.sana.sy\/tr\/index.php?rest_route=\/wp\/v2\/posts\/85748","targetHints":{"allow":["GET"]}}],"collection":[{"href":"https:\/\/archive.sana.sy\/tr\/index.php?rest_route=\/wp\/v2\/posts"}],"about":[{"href":"https:\/\/archive.sana.sy\/tr\/index.php?rest_route=\/wp\/v2\/types\/post"}],"author":[{"embeddable":true,"href":"https:\/\/archive.sana.sy\/tr\/index.php?rest_route=\/wp\/v2\/users\/1"}],"replies":[{"embeddable":true,"href":"https:\/\/archive.sana.sy\/tr\/index.php?rest_route=%2Fwp%2Fv2%2Fcomments&post=85748"}],"version-history":[{"count":0,"href":"https:\/\/archive.sana.sy\/tr\/index.php?rest_route=\/wp\/v2\/posts\/85748\/revisions"}],"wp:attachment":[{"href":"https:\/\/archive.sana.sy\/tr\/index.php?rest_route=%2Fwp%2Fv2%2Fmedia&parent=85748"}],"wp:term":[{"taxonomy":"category","embeddable":true,"href":"https:\/\/archive.sana.sy\/tr\/index.php?rest_route=%2Fwp%2Fv2%2Fcategories&post=85748"},{"taxonomy":"post_tag","embeddable":true,"href":"https:\/\/archive.sana.sy\/tr\/index.php?rest_route=%2Fwp%2Fv2%2Ftags&post=85748"}],"curies":[{"name":"wp","href":"https:\/\/api.w.org\/{rel}","templated":true}]}}