{"id":85752,"date":"2016-08-30T15:06:34","date_gmt":"2016-08-30T12:06:34","guid":{"rendered":"http:\/\/www.sana.sy\/tr\/?p=85752"},"modified":"2016-08-30T17:13:42","modified_gmt":"2016-08-30T14:13:42","slug":"hukumet-bugun-baskani-imad-hamis-baskanliginda-duzenledigi-haftalik-olagan-toplantisinda-hizmetsel-ve-ekonomik-ozelliklere-sahip-mesleki-sendika-ve-birliklerin-calisma-mekanizmalarinin-yani-sira-perfo","status":"publish","type":"post","link":"https:\/\/archive.sana.sy\/tr\/?p=85752","title":{"rendered":"H\u00fck\u00fcmet bug\u00fcn ba\u015fkan\u0131 \u0130mad Hamis ba\u015fkanl\u0131\u011f\u0131nda d\u00fczenledi\u011fi haftal\u0131k ola\u011fan toplant\u0131s\u0131nda hizmetsel ve ekonomik \u00f6zelliklere sahip mesleki sendika ve birliklerin \u00e7al\u0131\u015fma mekanizmalar\u0131n\u0131n yan\u0131 s\u0131ra performans ve etkinlik a\u00e7\u0131s\u0131ndan her birinin mevcut ko\u015fullar i\u00e7inde rol\u00fcn\u00fc masaya yat\u0131rd\u0131"},"content":{"rendered":"<p>H\u00fck\u00fcmet bug\u00fcn ba\u015fkan\u0131 \u0130mad Hamis ba\u015fkanl\u0131\u011f\u0131nda d\u00fczenledi\u011fi haftal\u0131k ola\u011fan toplant\u0131s\u0131nda hizmetsel ve ekonomik \u00f6zelliklere sahip mesleki sendika ve birliklerin \u00e7al\u0131\u015fma mekanizmalar\u0131n\u0131n yan\u0131 s\u0131ra performans ve etkinlik a\u00e7\u0131s\u0131ndan her birinin mevcut ko\u015fullar i\u00e7inde rol\u00fcn\u00fc masaya yat\u0131rd\u0131<\/p>\n","protected":false},"excerpt":{"rendered":"<p>H\u00fck\u00fcmet bug\u00fcn ba\u015fkan\u0131 \u0130mad Hamis ba\u015fkanl\u0131\u011f\u0131nda d\u00fczenledi\u011fi haftal\u0131k ola\u011fan toplant\u0131s\u0131nda hizmetsel ve ekonomik \u00f6zelliklere sahip mesleki sendika ve birliklerin \u00e7al\u0131\u015fma mekanizmalar\u0131n\u0131n yan\u0131 s\u0131ra performans ve etkinlik a\u00e7\u0131s\u0131ndan her birinin mevcut ko\u015fullar i\u00e7inde rol\u00fcn\u00fc masaya yat\u0131rd\u0131<\/p>\n","protected":false},"author":1,"featured_media":0,"comment_status":"closed","ping_status":"closed","sticky":false,"template":"","format":"standard","meta":{"footnotes":""},"categories":[17991],"tags":[],"class_list":["post-85752","post","type-post","status-publish","format-standard","","category-son-dakika"],"_links":{"self":[{"href":"https:\/\/archive.sana.sy\/tr\/index.php?rest_route=\/wp\/v2\/posts\/85752","targetHints":{"allow":["GET"]}}],"collection":[{"href":"https:\/\/archive.sana.sy\/tr\/index.php?rest_route=\/wp\/v2\/posts"}],"about":[{"href":"https:\/\/archive.sana.sy\/tr\/index.php?rest_route=\/wp\/v2\/types\/post"}],"author":[{"embeddable":true,"href":"https:\/\/archive.sana.sy\/tr\/index.php?rest_route=\/wp\/v2\/users\/1"}],"replies":[{"embeddable":true,"href":"https:\/\/archive.sana.sy\/tr\/index.php?rest_route=%2Fwp%2Fv2%2Fcomments&post=85752"}],"version-history":[{"count":0,"href":"https:\/\/archive.sana.sy\/tr\/index.php?rest_route=\/wp\/v2\/posts\/85752\/revisions"}],"wp:attachment":[{"href":"https:\/\/archive.sana.sy\/tr\/index.php?rest_route=%2Fwp%2Fv2%2Fmedia&parent=85752"}],"wp:term":[{"taxonomy":"category","embeddable":true,"href":"https:\/\/archive.sana.sy\/tr\/index.php?rest_route=%2Fwp%2Fv2%2Fcategories&post=85752"},{"taxonomy":"post_tag","embeddable":true,"href":"https:\/\/archive.sana.sy\/tr\/index.php?rest_route=%2Fwp%2Fv2%2Ftags&post=85752"}],"curies":[{"name":"wp","href":"https:\/\/api.w.org\/{rel}","templated":true}]}}