{"id":8576,"date":"2014-08-31T09:46:05","date_gmt":"2014-08-31T06:46:05","guid":{"rendered":"http:\/\/www.sana.sy\/tr\/?p=8576"},"modified":"2014-08-31T09:46:05","modified_gmt":"2014-08-31T06:46:05","slug":"hama-il-emniyet-mudurlugu-kaynagi-sana-muhabirine-bir-intihar-eylemcisi-teroristin-kullandigi-bomba-yuklu-aracin-bu-sabah-teldere-ve-selemiye-arasinda-infilak-etmesi-sonucunda-bazi-vatandaslarin-sehi","status":"publish","type":"post","link":"https:\/\/archive.sana.sy\/tr\/?p=8576","title":{"rendered":"Hama \u0130l Emniyet M\u00fcd\u00fcrl\u00fc\u011f\u00fc Kayna\u011f\u0131 SANA muhabirine, bir intihar eylemcisi ter\u00f6ristin kulland\u0131\u011f\u0131 bomba y\u00fckl\u00fc arac\u0131n bu sabah Teldere ve Selemiye aras\u0131nda infilak etmesi sonucunda baz\u0131 vatanda\u015flar\u0131n \u015fehit ve yaral\u0131 d\u00fc\u015fmesine baz\u0131 evlerin de sakinlerinin ba\u015flar\u0131 \u00fczerinde y\u0131k\u0131lmas\u0131na neden oldu\u011funu s\u00f6yledi."},"content":{"rendered":"<p>Hama \u0130l Emniyet M\u00fcd\u00fcrl\u00fc\u011f\u00fc Kayna\u011f\u0131 SANA muhabirine, bir intihar eylemcisi ter\u00f6ristin kulland\u0131\u011f\u0131 bomba y\u00fckl\u00fc arac\u0131n bu sabah Teldere ve Selemiye aras\u0131nda infilak etmesi sonucunda baz\u0131 vatanda\u015flar\u0131n \u015fehit ve yaral\u0131 d\u00fc\u015fmesine baz\u0131 evlerin de sakinlerinin ba\u015flar\u0131 \u00fczerinde y\u0131k\u0131lmas\u0131na neden oldu\u011funu s\u00f6yledi.<\/p>\n","protected":false},"excerpt":{"rendered":"<p>Hama \u0130l Emniyet M\u00fcd\u00fcrl\u00fc\u011f\u00fc Kayna\u011f\u0131 SANA muhabirine, bir intihar eylemcisi ter\u00f6ristin kulland\u0131\u011f\u0131 bomba y\u00fckl\u00fc arac\u0131n bu sabah Teldere ve Selemiye aras\u0131nda infilak etmesi sonucunda baz\u0131 vatanda\u015flar\u0131n \u015fehit ve yaral\u0131 d\u00fc\u015fmesine baz\u0131 evlerin de sakinlerinin ba\u015flar\u0131 \u00fczerinde y\u0131k\u0131lmas\u0131na neden oldu\u011funu s\u00f6yledi.<\/p>\n","protected":false},"author":1,"featured_media":0,"comment_status":"closed","ping_status":"closed","sticky":false,"template":"","format":"standard","meta":{"footnotes":""},"categories":[1],"tags":[1926,1925],"class_list":["post-8576","post","type-post","status-publish","format-standard","","category-news-not-sorted","tag-bir-intihar-eylemcisi-teroristin-kullandigi-bomba-yuklu-aracin-bu-sabah-teldere-ve-selemiye-arasinda-infilak-etmesi-sonucunda-bazi-vatandaslarin-sehit-ve-yarali-dusmesine-bazi-evlerin-de-sakinlerinin","tag-hama-il-emniyet-mudurlugu-kaynagi-sana-muhabirine"],"_links":{"self":[{"href":"https:\/\/archive.sana.sy\/tr\/index.php?rest_route=\/wp\/v2\/posts\/8576","targetHints":{"allow":["GET"]}}],"collection":[{"href":"https:\/\/archive.sana.sy\/tr\/index.php?rest_route=\/wp\/v2\/posts"}],"about":[{"href":"https:\/\/archive.sana.sy\/tr\/index.php?rest_route=\/wp\/v2\/types\/post"}],"author":[{"embeddable":true,"href":"https:\/\/archive.sana.sy\/tr\/index.php?rest_route=\/wp\/v2\/users\/1"}],"replies":[{"embeddable":true,"href":"https:\/\/archive.sana.sy\/tr\/index.php?rest_route=%2Fwp%2Fv2%2Fcomments&post=8576"}],"version-history":[{"count":0,"href":"https:\/\/archive.sana.sy\/tr\/index.php?rest_route=\/wp\/v2\/posts\/8576\/revisions"}],"wp:attachment":[{"href":"https:\/\/archive.sana.sy\/tr\/index.php?rest_route=%2Fwp%2Fv2%2Fmedia&parent=8576"}],"wp:term":[{"taxonomy":"category","embeddable":true,"href":"https:\/\/archive.sana.sy\/tr\/index.php?rest_route=%2Fwp%2Fv2%2Fcategories&post=8576"},{"taxonomy":"post_tag","embeddable":true,"href":"https:\/\/archive.sana.sy\/tr\/index.php?rest_route=%2Fwp%2Fv2%2Ftags&post=8576"}],"curies":[{"name":"wp","href":"https:\/\/api.w.org\/{rel}","templated":true}]}}