{"id":85789,"date":"2016-08-31T12:17:48","date_gmt":"2016-08-31T09:17:48","guid":{"rendered":"http:\/\/www.sana.sy\/tr\/?p=85789"},"modified":"2016-08-31T12:17:48","modified_gmt":"2016-08-31T09:17:48","slug":"askeri-kaynak-sanaya-aciklamasinda-ordu-birliklerimizin-deranin-beled-bolgesinde-israil-destekli-radikal-teroristlere-ait-bir-komuta-karargahi-siki-bir-sekilde-korunmus-bir-mevkiler","status":"publish","type":"post","link":"https:\/\/archive.sana.sy\/tr\/?p=85789","title":{"rendered":"Askeri kaynak SANA\u2019ya a\u00e7\u0131klamas\u0131nda ordu birliklerimizin Dera\u2019n\u0131n Beled B\u00f6lgesinde \u0130srail destekli radikal ter\u00f6ristlere ait bir komuta karargah\u0131, s\u0131k\u0131 bir \u015fekilde korunmu\u015f bir mevkileri ve bir g\u00f6zetleme karargah\u0131n\u0131 i\u00e7erdikleri ter\u00f6ristler ve ekipmanlarla birlikte imha ettiklerini belirtti"},"content":{"rendered":"<p>Askeri kaynak SANA\u2019ya a\u00e7\u0131klamas\u0131nda ordu birliklerimizin Dera\u2019n\u0131n Beled B\u00f6lgesinde \u0130srail destekli radikal ter\u00f6ristlere ait bir komuta karargah\u0131, s\u0131k\u0131 bir \u015fekilde korunmu\u015f bir mevkileri ve bir g\u00f6zetleme karargah\u0131n\u0131 i\u00e7erdikleri ter\u00f6ristler ve ekipmanlarla birlikte imha ettiklerini belirtti<\/p>\n","protected":false},"excerpt":{"rendered":"<p>Askeri kaynak SANA\u2019ya a\u00e7\u0131klamas\u0131nda ordu birliklerimizin Dera\u2019n\u0131n Beled B\u00f6lgesinde \u0130srail destekli radikal ter\u00f6ristlere ait bir komuta karargah\u0131, s\u0131k\u0131 bir \u015fekilde korunmu\u015f bir mevkileri ve bir g\u00f6zetleme karargah\u0131n\u0131 i\u00e7erdikleri ter\u00f6ristler ve ekipmanlarla birlikte imha ettiklerini belirtti<\/p>\n","protected":false},"author":1,"featured_media":0,"comment_status":"closed","ping_status":"closed","sticky":false,"template":"","format":"standard","meta":{"footnotes":""},"categories":[17991],"tags":[],"class_list":["post-85789","post","type-post","status-publish","format-standard","","category-son-dakika"],"_links":{"self":[{"href":"https:\/\/archive.sana.sy\/tr\/index.php?rest_route=\/wp\/v2\/posts\/85789","targetHints":{"allow":["GET"]}}],"collection":[{"href":"https:\/\/archive.sana.sy\/tr\/index.php?rest_route=\/wp\/v2\/posts"}],"about":[{"href":"https:\/\/archive.sana.sy\/tr\/index.php?rest_route=\/wp\/v2\/types\/post"}],"author":[{"embeddable":true,"href":"https:\/\/archive.sana.sy\/tr\/index.php?rest_route=\/wp\/v2\/users\/1"}],"replies":[{"embeddable":true,"href":"https:\/\/archive.sana.sy\/tr\/index.php?rest_route=%2Fwp%2Fv2%2Fcomments&post=85789"}],"version-history":[{"count":0,"href":"https:\/\/archive.sana.sy\/tr\/index.php?rest_route=\/wp\/v2\/posts\/85789\/revisions"}],"wp:attachment":[{"href":"https:\/\/archive.sana.sy\/tr\/index.php?rest_route=%2Fwp%2Fv2%2Fmedia&parent=85789"}],"wp:term":[{"taxonomy":"category","embeddable":true,"href":"https:\/\/archive.sana.sy\/tr\/index.php?rest_route=%2Fwp%2Fv2%2Fcategories&post=85789"},{"taxonomy":"post_tag","embeddable":true,"href":"https:\/\/archive.sana.sy\/tr\/index.php?rest_route=%2Fwp%2Fv2%2Ftags&post=85789"}],"curies":[{"name":"wp","href":"https:\/\/api.w.org\/{rel}","templated":true}]}}