{"id":8580,"date":"2014-08-31T10:52:48","date_gmt":"2014-08-31T07:52:48","guid":{"rendered":"http:\/\/www.sana.sy\/tr\/?p=8580"},"modified":"2014-08-31T10:52:48","modified_gmt":"2014-08-31T07:52:48","slug":"bm-undof-askerlerine-saldiri-ve-rehin-alinmalarini-siddetle-kinadi","status":"publish","type":"post","link":"https:\/\/archive.sana.sy\/tr\/?p=8580","title":{"rendered":"BM UNDOF Askerlerine Sald\u0131r\u0131 ve Rehin Al\u0131nmalar\u0131n\u0131 \u015eiddetle K\u0131nad\u0131"},"content":{"rendered":"<p>NEW YORK \u2013 Birle\u015fmi\u015f Milletler (BM) Genel Sekreteri Ban Ki-moon, Filipinli uluslararas\u0131 askerlere y\u00f6nelik sald\u0131r\u0131 ile Suriye\u2019nin Golan\u2019\u0131nda UNDOF g\u00fcc\u00fcnde \u00e7al\u0131\u015fan Fiji\u2019li arkada\u015flar\u0131n\u0131n rehin al\u0131nmas\u0131n\u0131 \u015fiddetle k\u0131narken sorumlulu\u011fu aralar\u0131nda Nusra Cephesinin de bulundu\u011fu hi\u00e7 bir \u00fclkeye tabi olmayan silahl\u0131 gruplara y\u00fckledi.<\/p>\n<p>AFP Ki-moon\u2019un yay\u0131nlad\u0131\u011f\u0131 ve s\u00f6zc\u00fcs\u00fcn\u00fcn okudu\u011fu beyandan naklen, rehin al\u0131nan uluslararas\u0131 askerlerin derhal serbest b\u0131rak\u0131lmalar\u0131n\u0131 talep ederken ilgili b\u00fct\u00fcn taraflar\u0131 UNDOF g\u00fc\u00e7leriyle tam bir i\u015fbirli\u011fi i\u00e7erisinde olma \u00e7a\u011fr\u0131s\u0131nda bulundu.<\/p>\n<p>\u00d6te yandan uluslararas\u0131 g\u00fcvenlik konseyi d\u00fcn, Fiji\u2019li rehinelerin derhal ve \u015farts\u0131z olarak serbest b\u0131rak\u0131lmalar\u0131 ve ge\u00e7i\u015flerinin kolayla\u015ft\u0131r\u0131lmas\u0131n\u0131 talep eden benzer bir beyan \u00e7\u0131kard\u0131. Beyan\u2019\u0131 \u00fcye 15 \u00fclke \u00fcstlendi. Konsey ayr\u0131ca, etkisi olabilecek \u00fclkelerden<\/p>\n<p>ka\u00e7\u0131ran taraflara bask\u0131 uygulama talebinde bulundu.<\/p>\n<p>Bu arada BM, bir ka\u00e7 g\u00fcnd\u00fcr Suriye\u2019nin Golan\u2019\u0131nda iki mevkide ask\u0131da kalm\u0131\u015f 72 Filipinliden olu\u015fan birli\u011fin bir b\u00f6l\u00fcm\u00fc olan 32 UNDOF askerinin b\u00f6lgeden \u00e7\u0131kar\u0131ld\u0131\u011f\u0131n\u0131 ilan etti.<\/p>\n<p>Beyan, geri kalan askerlerin silahl\u0131 ter\u00f6r gruplar\u0131 taraf\u0131ndan havan mermileri ve a\u011f\u0131r taramal\u0131 silahlarla ate\u015fe maruz kald\u0131klar\u0131n\u0131 ve ba\u015fka yere t5a\u015f\u0131nmalar\u0131n\u0131n m\u00fcmk\u00fcn olmad\u0131\u011f\u0131n\u0131 ekledi.<\/p>\n<p>Beyan, BM\u2019nin geri kalan 44 Fiji\u2019li rehinenin serbest b\u0131rak\u0131lmas\u0131 i\u00e7in b\u00fcy\u00fck \u00e7aba harcad\u0131\u011f\u0131n\u0131 ifade etti.<\/p>\n<p>&nbsp;<\/p>\n","protected":false},"excerpt":{"rendered":"<p>NEW YORK \u2013 Birle\u015fmi\u015f Milletler (BM) Genel Sekreteri Ban Ki-moon, Filipinli uluslararas\u0131 askerlere y\u00f6nelik sald\u0131r\u0131 ile Suriye\u2019nin Golan\u2019\u0131nda UNDOF g\u00fcc\u00fcnde \u00e7al\u0131\u015fan Fiji\u2019li arkada\u015flar\u0131n\u0131n rehin al\u0131nmas\u0131n\u0131 \u015fiddetle k\u0131narken sorumlulu\u011fu aralar\u0131nda Nusra Cephesinin de bulundu\u011fu hi\u00e7 bir \u00fclkeye tabi olmayan silahl\u0131 gruplara y\u00fckledi. AFP Ki-moon\u2019un yay\u0131nlad\u0131\u011f\u0131 ve s\u00f6zc\u00fcs\u00fcn\u00fcn okudu\u011fu beyandan naklen, rehin al\u0131nan uluslararas\u0131 askerlerin derhal serbest &hellip;<\/p>\n","protected":false},"author":1,"featured_media":8581,"comment_status":"closed","ping_status":"closed","sticky":false,"template":"","format":"standard","meta":{"footnotes":""},"categories":[458,459,447],"tags":[1927],"class_list":["post-8580","post","type-post","status-publish","format-standard","has-post-thumbnail","","category-dunya1","category-haberler-arap-uluslararasi-politika","category-politika","tag-bm-undof-askerlerine-saldiri-ve-rehin-alinmalarini-siddetle-kinadi"],"_links":{"self":[{"href":"https:\/\/archive.sana.sy\/tr\/index.php?rest_route=\/wp\/v2\/posts\/8580","targetHints":{"allow":["GET"]}}],"collection":[{"href":"https:\/\/archive.sana.sy\/tr\/index.php?rest_route=\/wp\/v2\/posts"}],"about":[{"href":"https:\/\/archive.sana.sy\/tr\/index.php?rest_route=\/wp\/v2\/types\/post"}],"author":[{"embeddable":true,"href":"https:\/\/archive.sana.sy\/tr\/index.php?rest_route=\/wp\/v2\/users\/1"}],"replies":[{"embeddable":true,"href":"https:\/\/archive.sana.sy\/tr\/index.php?rest_route=%2Fwp%2Fv2%2Fcomments&post=8580"}],"version-history":[{"count":0,"href":"https:\/\/archive.sana.sy\/tr\/index.php?rest_route=\/wp\/v2\/posts\/8580\/revisions"}],"wp:featuredmedia":[{"embeddable":true,"href":"https:\/\/archive.sana.sy\/tr\/index.php?rest_route=\/wp\/v2\/media\/8581"}],"wp:attachment":[{"href":"https:\/\/archive.sana.sy\/tr\/index.php?rest_route=%2Fwp%2Fv2%2Fmedia&parent=8580"}],"wp:term":[{"taxonomy":"category","embeddable":true,"href":"https:\/\/archive.sana.sy\/tr\/index.php?rest_route=%2Fwp%2Fv2%2Fcategories&post=8580"},{"taxonomy":"post_tag","embeddable":true,"href":"https:\/\/archive.sana.sy\/tr\/index.php?rest_route=%2Fwp%2Fv2%2Ftags&post=8580"}],"curies":[{"name":"wp","href":"https:\/\/api.w.org\/{rel}","templated":true}]}}