{"id":85819,"date":"2016-08-31T11:00:37","date_gmt":"2016-08-31T08:00:37","guid":{"rendered":"http:\/\/www.sana.sy\/tr\/?p=85819"},"modified":"2016-08-31T13:22:43","modified_gmt":"2016-08-31T10:22:43","slug":"sam-mescitlerini-koruyalim-slogani-altinda-kulturel-festival-faaliyetlerine-basladi","status":"publish","type":"post","link":"https:\/\/archive.sana.sy\/tr\/?p=85819","title":{"rendered":"\u015eam Mescitlerini Koruyal\u0131m slogan\u0131 alt\u0131nda k\u00fclt\u00fcrel festival faaliyetlerine ba\u015flad\u0131"},"content":{"rendered":"<p>\u015eam Mescitlerini Koruyal\u0131m slogan\u0131 alt\u0131nda k\u00fclt\u00fcrel festival faaliyetlerine ba\u015flad\u0131<\/p>\n<p>https:\/\/youtu.be\/V06WpvTx2Kk<\/p>\n<p>R.H.<\/p>\n","protected":false},"excerpt":{"rendered":"<p>\u015eam Mescitlerini Koruyal\u0131m slogan\u0131 alt\u0131nda k\u00fclt\u00fcrel festival faaliyetlerine ba\u015flad\u0131 https:\/\/youtu.be\/V06WpvTx2Kk R.H.<\/p>\n","protected":false},"author":1,"featured_media":85821,"comment_status":"closed","ping_status":"closed","sticky":false,"template":"","format":"standard","meta":{"footnotes":""},"categories":[18295],"tags":[23588],"class_list":["post-85819","post","type-post","status-publish","format-standard","has-post-thumbnail","","category-sana-video","tag-sam-mescitlerini-koruyalim-slogani-altinda-kulturel-festival-faaliyetlerine-basladi"],"_links":{"self":[{"href":"https:\/\/archive.sana.sy\/tr\/index.php?rest_route=\/wp\/v2\/posts\/85819","targetHints":{"allow":["GET"]}}],"collection":[{"href":"https:\/\/archive.sana.sy\/tr\/index.php?rest_route=\/wp\/v2\/posts"}],"about":[{"href":"https:\/\/archive.sana.sy\/tr\/index.php?rest_route=\/wp\/v2\/types\/post"}],"author":[{"embeddable":true,"href":"https:\/\/archive.sana.sy\/tr\/index.php?rest_route=\/wp\/v2\/users\/1"}],"replies":[{"embeddable":true,"href":"https:\/\/archive.sana.sy\/tr\/index.php?rest_route=%2Fwp%2Fv2%2Fcomments&post=85819"}],"version-history":[{"count":0,"href":"https:\/\/archive.sana.sy\/tr\/index.php?rest_route=\/wp\/v2\/posts\/85819\/revisions"}],"wp:featuredmedia":[{"embeddable":true,"href":"https:\/\/archive.sana.sy\/tr\/index.php?rest_route=\/wp\/v2\/media\/85821"}],"wp:attachment":[{"href":"https:\/\/archive.sana.sy\/tr\/index.php?rest_route=%2Fwp%2Fv2%2Fmedia&parent=85819"}],"wp:term":[{"taxonomy":"category","embeddable":true,"href":"https:\/\/archive.sana.sy\/tr\/index.php?rest_route=%2Fwp%2Fv2%2Fcategories&post=85819"},{"taxonomy":"post_tag","embeddable":true,"href":"https:\/\/archive.sana.sy\/tr\/index.php?rest_route=%2Fwp%2Fv2%2Ftags&post=85819"}],"curies":[{"name":"wp","href":"https:\/\/api.w.org\/{rel}","templated":true}]}}