{"id":85839,"date":"2016-08-31T10:07:21","date_gmt":"2016-08-31T07:07:21","guid":{"rendered":"http:\/\/www.sana.sy\/tr\/?p=85839"},"modified":"2016-08-31T14:08:23","modified_gmt":"2016-08-31T11:08:23","slug":"sebastiya-rum-ortodokslar-baspiskoposu-ataullah-hanna-konusmasinda-kudus-ve-aksa-mescidinin-gunumuzde-suriye-ve-tum-bolge-halklarini-hedef-alan-ayni-siyonist-planlar-kapsaminda-hedef-alindigina-dikkat","status":"publish","type":"post","link":"https:\/\/archive.sana.sy\/tr\/?p=85839","title":{"rendered":"Sebastiya Rum Ortodokslar Ba\u015fpiskoposu Ataullah Hanna konu\u015fmas\u0131nda Kud\u00fcs ve Aksa Mescidinin g\u00fcn\u00fcm\u00fczde Suriye ve t\u00fcm b\u00f6lge halklar\u0131n\u0131 hedef alan ayn\u0131 siyonist planlar kapsam\u0131nda hedef al\u0131nd\u0131\u011f\u0131na dikkat \u00e7ekti."},"content":{"rendered":"<p>Sebastiya Rum Ortodokslar Ba\u015fpiskoposu Ataullah Hanna konu\u015fmas\u0131nda Kud\u00fcs ve Aksa Mescidinin g\u00fcn\u00fcm\u00fczde Suriye ve t\u00fcm b\u00f6lge halklar\u0131n\u0131 hedef alan ayn\u0131 siyonist planlar kapsam\u0131nda hedef al\u0131nd\u0131\u011f\u0131na dikkat \u00e7ekti.<\/p>\n","protected":false},"excerpt":{"rendered":"<p>Sebastiya Rum Ortodokslar Ba\u015fpiskoposu Ataullah Hanna konu\u015fmas\u0131nda Kud\u00fcs ve Aksa Mescidinin g\u00fcn\u00fcm\u00fczde Suriye ve t\u00fcm b\u00f6lge halklar\u0131n\u0131 hedef alan ayn\u0131 siyonist planlar kapsam\u0131nda hedef al\u0131nd\u0131\u011f\u0131na dikkat \u00e7ekti.<\/p>\n","protected":false},"author":1,"featured_media":0,"comment_status":"closed","ping_status":"closed","sticky":false,"template":"","format":"standard","meta":{"footnotes":""},"categories":[17991],"tags":[],"class_list":["post-85839","post","type-post","status-publish","format-standard","","category-son-dakika"],"_links":{"self":[{"href":"https:\/\/archive.sana.sy\/tr\/index.php?rest_route=\/wp\/v2\/posts\/85839","targetHints":{"allow":["GET"]}}],"collection":[{"href":"https:\/\/archive.sana.sy\/tr\/index.php?rest_route=\/wp\/v2\/posts"}],"about":[{"href":"https:\/\/archive.sana.sy\/tr\/index.php?rest_route=\/wp\/v2\/types\/post"}],"author":[{"embeddable":true,"href":"https:\/\/archive.sana.sy\/tr\/index.php?rest_route=\/wp\/v2\/users\/1"}],"replies":[{"embeddable":true,"href":"https:\/\/archive.sana.sy\/tr\/index.php?rest_route=%2Fwp%2Fv2%2Fcomments&post=85839"}],"version-history":[{"count":0,"href":"https:\/\/archive.sana.sy\/tr\/index.php?rest_route=\/wp\/v2\/posts\/85839\/revisions"}],"wp:attachment":[{"href":"https:\/\/archive.sana.sy\/tr\/index.php?rest_route=%2Fwp%2Fv2%2Fmedia&parent=85839"}],"wp:term":[{"taxonomy":"category","embeddable":true,"href":"https:\/\/archive.sana.sy\/tr\/index.php?rest_route=%2Fwp%2Fv2%2Fcategories&post=85839"},{"taxonomy":"post_tag","embeddable":true,"href":"https:\/\/archive.sana.sy\/tr\/index.php?rest_route=%2Fwp%2Fv2%2Ftags&post=85839"}],"curies":[{"name":"wp","href":"https:\/\/api.w.org\/{rel}","templated":true}]}}