{"id":8584,"date":"2014-08-31T10:55:24","date_gmt":"2014-08-31T07:55:24","guid":{"rendered":"http:\/\/www.sana.sy\/tr\/?p=8584"},"modified":"2014-08-31T10:55:24","modified_gmt":"2014-08-31T07:55:24","slug":"yurt-disi-hazirlik-macinda-millilerimiz-galip-geldi-skor-6-0","status":"publish","type":"post","link":"https:\/\/archive.sana.sy\/tr\/?p=8584","title":{"rendered":"Yurt D\u0131\u015f\u0131 Haz\u0131rl\u0131k Ma\u00e7\u0131nda Millilerimiz Galip Geldi.. Skor 6-0"},"content":{"rendered":"<p>KUVEYT \u2013 16 ya\u015f alt\u0131 gen\u00e7 milli futbol tak\u0131m\u0131m\u0131z\u0131n Kuveyt\u2019te el \u0130ttihad stad\u0131nda d\u00fcn el Yermuk tak\u0131m\u0131yla oynad\u0131\u011f\u0131 haz\u0131rl\u0131k ma\u00e7\u0131n\u0131 6-0 gibi net bir skorla kazand\u0131.<\/p>\n<p>Tayland\u2019ta 6-20 Eyl\u00fcl tarihleri aras\u0131nda d\u00fczenlenecek olan Asya Kupas\u0131 finallerini oynayacak olan millilerimizin d\u00fczenledi\u011fi e\u011fitim kamp\u0131 3 Eyl\u00fcl tarihine kadar s\u00fcrecek. Millilerimiz yar\u0131n saat 21:30\u2019da Salimiye stad\u0131nda Salimiye kul\u00fcb\u00fcyle bir dostluk ma\u00e7\u0131 oynayacak.<\/p>\n<p>Millilerimizin d\u00fcn oynad\u0131\u011f\u0131 kar\u015f\u0131la\u015fman\u0131n gollerini Mahmut Kubebi, Enes el Aci, Muhammed Lulu, Basil Kevakbi, Muhammed Hallak 2 gol atarken millilerimiz oyunun t\u00fcm hakimiyetini ellerinde tutarken 6 gol atmay\u0131 ba\u015fard\u0131 bunun yan\u0131nda bir \u00e7ok f\u0131rsat\u0131 da gole \u00e7eviremedi\u011fi g\u00f6zlemlendi.<\/p>\n<p>Millilerimizin Asya Finallerindeki grubunda ilk ma\u00e7\u0131n\u0131 Suudi Arabistan\u2019la 7 Eyl\u00fcl, Katar\u2019la 9 Eyl\u00fcl, \u0130ran tak\u0131m\u0131yla da 11 Eyl\u00fcl\u2019de birinci tur ma\u00e7lar\u0131n\u0131 oynayacak.<\/p>\n<p>Asya Kupas\u0131 Finallerinde di\u011fer gruplar A grubunda Tayland, G\u00fcney Kore, Umman Sultanl\u0131\u011f\u0131 ve Malezya, B grubunda Japonya, Avustralya, \u00c7in ve Hong Kong, C grubunda \u00d6zbekistan, Demokratik Kore, Nepal ve Kuveyt\u2019ten olu\u015furken ilk d\u00f6rde girecek olan tak\u0131mlar gelecek y\u0131l \u015eili\u2019de d\u00fczenlenecek olan 16 Ya\u015f alt\u0131 D\u00fcnya Kupas\u0131 Finallerine gidecek.<\/p>\n","protected":false},"excerpt":{"rendered":"<p>KUVEYT \u2013 16 ya\u015f alt\u0131 gen\u00e7 milli futbol tak\u0131m\u0131m\u0131z\u0131n Kuveyt\u2019te el \u0130ttihad stad\u0131nda d\u00fcn el Yermuk tak\u0131m\u0131yla oynad\u0131\u011f\u0131 haz\u0131rl\u0131k ma\u00e7\u0131n\u0131 6-0 gibi net bir skorla kazand\u0131. Tayland\u2019ta 6-20 Eyl\u00fcl tarihleri aras\u0131nda d\u00fczenlenecek olan Asya Kupas\u0131 finallerini oynayacak olan millilerimizin d\u00fczenledi\u011fi e\u011fitim kamp\u0131 3 Eyl\u00fcl tarihine kadar s\u00fcrecek. Millilerimiz yar\u0131n saat 21:30\u2019da Salimiye stad\u0131nda Salimiye kul\u00fcb\u00fcyle &hellip;<\/p>\n","protected":false},"author":1,"featured_media":8582,"comment_status":"closed","ping_status":"closed","sticky":false,"template":"","format":"standard","meta":{"footnotes":""},"categories":[496],"tags":[1928],"class_list":["post-8584","post","type-post","status-publish","format-standard","has-post-thumbnail","","category-spor","tag-yurt-disi-hazirlik-macinda-millilerimiz-galip-geldi-skor-6-0"],"_links":{"self":[{"href":"https:\/\/archive.sana.sy\/tr\/index.php?rest_route=\/wp\/v2\/posts\/8584","targetHints":{"allow":["GET"]}}],"collection":[{"href":"https:\/\/archive.sana.sy\/tr\/index.php?rest_route=\/wp\/v2\/posts"}],"about":[{"href":"https:\/\/archive.sana.sy\/tr\/index.php?rest_route=\/wp\/v2\/types\/post"}],"author":[{"embeddable":true,"href":"https:\/\/archive.sana.sy\/tr\/index.php?rest_route=\/wp\/v2\/users\/1"}],"replies":[{"embeddable":true,"href":"https:\/\/archive.sana.sy\/tr\/index.php?rest_route=%2Fwp%2Fv2%2Fcomments&post=8584"}],"version-history":[{"count":0,"href":"https:\/\/archive.sana.sy\/tr\/index.php?rest_route=\/wp\/v2\/posts\/8584\/revisions"}],"wp:featuredmedia":[{"embeddable":true,"href":"https:\/\/archive.sana.sy\/tr\/index.php?rest_route=\/wp\/v2\/media\/8582"}],"wp:attachment":[{"href":"https:\/\/archive.sana.sy\/tr\/index.php?rest_route=%2Fwp%2Fv2%2Fmedia&parent=8584"}],"wp:term":[{"taxonomy":"category","embeddable":true,"href":"https:\/\/archive.sana.sy\/tr\/index.php?rest_route=%2Fwp%2Fv2%2Fcategories&post=8584"},{"taxonomy":"post_tag","embeddable":true,"href":"https:\/\/archive.sana.sy\/tr\/index.php?rest_route=%2Fwp%2Fv2%2Ftags&post=8584"}],"curies":[{"name":"wp","href":"https:\/\/api.w.org\/{rel}","templated":true}]}}