{"id":85840,"date":"2016-08-31T09:26:56","date_gmt":"2016-08-31T06:26:56","guid":{"rendered":"http:\/\/www.sana.sy\/tr\/?p=85840"},"modified":"2016-08-31T14:08:53","modified_gmt":"2016-08-31T11:08:53","slug":"aksa-mescidinin-47-yil-once-siyonistler-tarafindan-yakilmasinin-yildonumu-munasebetiyle-bugun-samdaki-esad-kutuphanesi-konferans-salonunda-aksanin-yakilmasi-ve-yahudilestiri","status":"publish","type":"post","link":"https:\/\/archive.sana.sy\/tr\/?p=85840","title":{"rendered":"Aksa Mescidinin 47 y\u0131l \u00f6nce siyonistler taraf\u0131ndan yak\u0131lmas\u0131n\u0131n y\u0131ld\u00f6n\u00fcm\u00fc m\u00fcnasebetiyle bug\u00fcn \u015eam\u2019daki Esad K\u00fct\u00fcphanesi Konferans Salonunda \u2018Aksa\u2019n\u0131n Yak\u0131lmas\u0131 ve Yahudile\u015ftirilmesi Milletin Sorumlulu\u011fu..\u2019 slogan\u0131 alt\u0131nda forumu ba\u015flad\u0131"},"content":{"rendered":"<p>Aksa Mescidinin 47 y\u0131l \u00f6nce siyonistler taraf\u0131ndan yak\u0131lmas\u0131n\u0131n y\u0131ld\u00f6n\u00fcm\u00fc m\u00fcnasebetiyle bug\u00fcn \u015eam\u2019daki Esad K\u00fct\u00fcphanesi Konferans Salonunda \u2018Aksa\u2019n\u0131n Yak\u0131lmas\u0131 ve Yahudile\u015ftirilmesi Milletin Sorumlulu\u011fu..\u2019 slogan\u0131 alt\u0131nda forumu ba\u015flad\u0131<\/p>\n","protected":false},"excerpt":{"rendered":"<p>Aksa Mescidinin 47 y\u0131l \u00f6nce siyonistler taraf\u0131ndan yak\u0131lmas\u0131n\u0131n y\u0131ld\u00f6n\u00fcm\u00fc m\u00fcnasebetiyle bug\u00fcn \u015eam\u2019daki Esad K\u00fct\u00fcphanesi Konferans Salonunda \u2018Aksa\u2019n\u0131n Yak\u0131lmas\u0131 ve Yahudile\u015ftirilmesi Milletin Sorumlulu\u011fu..\u2019 slogan\u0131 alt\u0131nda forumu ba\u015flad\u0131<\/p>\n","protected":false},"author":1,"featured_media":0,"comment_status":"closed","ping_status":"closed","sticky":false,"template":"","format":"standard","meta":{"footnotes":""},"categories":[17991],"tags":[],"class_list":["post-85840","post","type-post","status-publish","format-standard","","category-son-dakika"],"_links":{"self":[{"href":"https:\/\/archive.sana.sy\/tr\/index.php?rest_route=\/wp\/v2\/posts\/85840","targetHints":{"allow":["GET"]}}],"collection":[{"href":"https:\/\/archive.sana.sy\/tr\/index.php?rest_route=\/wp\/v2\/posts"}],"about":[{"href":"https:\/\/archive.sana.sy\/tr\/index.php?rest_route=\/wp\/v2\/types\/post"}],"author":[{"embeddable":true,"href":"https:\/\/archive.sana.sy\/tr\/index.php?rest_route=\/wp\/v2\/users\/1"}],"replies":[{"embeddable":true,"href":"https:\/\/archive.sana.sy\/tr\/index.php?rest_route=%2Fwp%2Fv2%2Fcomments&post=85840"}],"version-history":[{"count":0,"href":"https:\/\/archive.sana.sy\/tr\/index.php?rest_route=\/wp\/v2\/posts\/85840\/revisions"}],"wp:attachment":[{"href":"https:\/\/archive.sana.sy\/tr\/index.php?rest_route=%2Fwp%2Fv2%2Fmedia&parent=85840"}],"wp:term":[{"taxonomy":"category","embeddable":true,"href":"https:\/\/archive.sana.sy\/tr\/index.php?rest_route=%2Fwp%2Fv2%2Fcategories&post=85840"},{"taxonomy":"post_tag","embeddable":true,"href":"https:\/\/archive.sana.sy\/tr\/index.php?rest_route=%2Fwp%2Fv2%2Ftags&post=85840"}],"curies":[{"name":"wp","href":"https:\/\/api.w.org\/{rel}","templated":true}]}}