{"id":85855,"date":"2016-08-31T11:15:50","date_gmt":"2016-08-31T08:15:50","guid":{"rendered":"http:\/\/www.sana.sy\/tr\/?p=85855"},"modified":"2016-08-31T14:24:39","modified_gmt":"2016-08-31T11:24:39","slug":"sanaya-aciklamasinda-vali-berazi-ittifaki-hayata-gecirmenin-baslama-anindan-itibaren-25-gun-sure-almasi-beklendigini-kaydetti","status":"publish","type":"post","link":"https:\/\/archive.sana.sy\/tr\/?p=85855","title":{"rendered":"SANA\u2019ya a\u00e7\u0131klamas\u0131nda Vali Berazi; ittifak\u0131 hayata ge\u00e7irmenin ba\u015flama an\u0131ndan itibaren 25 g\u00fcn s\u00fcre almas\u0131 beklendi\u011fini kaydetti"},"content":{"rendered":"<p>SANA\u2019ya a\u00e7\u0131klamas\u0131nda Vali Berazi; ittifak\u0131 hayata ge\u00e7irmenin ba\u015flama an\u0131ndan itibaren 25 g\u00fcn s\u00fcre almas\u0131 beklendi\u011fini kaydetti<\/p>\n","protected":false},"excerpt":{"rendered":"<p>SANA\u2019ya a\u00e7\u0131klamas\u0131nda Vali Berazi; ittifak\u0131 hayata ge\u00e7irmenin ba\u015flama an\u0131ndan itibaren 25 g\u00fcn s\u00fcre almas\u0131 beklendi\u011fini kaydetti<\/p>\n","protected":false},"author":1,"featured_media":0,"comment_status":"closed","ping_status":"closed","sticky":false,"template":"","format":"standard","meta":{"footnotes":""},"categories":[17991],"tags":[],"class_list":["post-85855","post","type-post","status-publish","format-standard","","category-son-dakika"],"_links":{"self":[{"href":"https:\/\/archive.sana.sy\/tr\/index.php?rest_route=\/wp\/v2\/posts\/85855","targetHints":{"allow":["GET"]}}],"collection":[{"href":"https:\/\/archive.sana.sy\/tr\/index.php?rest_route=\/wp\/v2\/posts"}],"about":[{"href":"https:\/\/archive.sana.sy\/tr\/index.php?rest_route=\/wp\/v2\/types\/post"}],"author":[{"embeddable":true,"href":"https:\/\/archive.sana.sy\/tr\/index.php?rest_route=\/wp\/v2\/users\/1"}],"replies":[{"embeddable":true,"href":"https:\/\/archive.sana.sy\/tr\/index.php?rest_route=%2Fwp%2Fv2%2Fcomments&post=85855"}],"version-history":[{"count":0,"href":"https:\/\/archive.sana.sy\/tr\/index.php?rest_route=\/wp\/v2\/posts\/85855\/revisions"}],"wp:attachment":[{"href":"https:\/\/archive.sana.sy\/tr\/index.php?rest_route=%2Fwp%2Fv2%2Fmedia&parent=85855"}],"wp:term":[{"taxonomy":"category","embeddable":true,"href":"https:\/\/archive.sana.sy\/tr\/index.php?rest_route=%2Fwp%2Fv2%2Fcategories&post=85855"},{"taxonomy":"post_tag","embeddable":true,"href":"https:\/\/archive.sana.sy\/tr\/index.php?rest_route=%2Fwp%2Fv2%2Ftags&post=85855"}],"curies":[{"name":"wp","href":"https:\/\/api.w.org\/{rel}","templated":true}]}}