{"id":85856,"date":"2016-08-31T14:00:06","date_gmt":"2016-08-31T11:00:06","guid":{"rendered":"http:\/\/www.sana.sy\/tr\/?p=85856"},"modified":"2016-08-31T14:45:16","modified_gmt":"2016-08-31T11:45:16","slug":"rusya-baskanlik-sarayi-kremlin-rusya-baskani-vladimir-putin-ve-abdli-mevkidasi-barack-obamanin-cinde-duzenlenecek-zirve-calismalari-kapsaminda-bir-araya-gelip-suriyedeki","status":"publish","type":"post","link":"https:\/\/archive.sana.sy\/tr\/?p=85856","title":{"rendered":"Rusya Ba\u015fkanl\u0131k Saray\u0131 Kremlin; Rusya Ba\u015fkan\u0131 Vladimir Putin ve ABD\u2019li Mevkida\u015f\u0131 Barack Obama\u2019n\u0131n \u00c7in\u2019de d\u00fczenlenecek zirve \u00e7al\u0131\u015fmalar\u0131 kapsam\u0131nda bir araya gelip Suriye&#8217;deki krize \u00e7\u00f6z\u00fcm bulma yollar\u0131n\u0131 g\u00f6r\u00fc\u015feceklerini ilan etti"},"content":{"rendered":"<p>Rusya Ba\u015fkanl\u0131k Saray\u0131 Kremlin; Rusya Ba\u015fkan\u0131 Vladimir Putin ve ABD\u2019li Mevkida\u015f\u0131 Barack Obama\u2019n\u0131n \u00c7in\u2019de d\u00fczenlenecek zirve \u00e7al\u0131\u015fmalar\u0131 kapsam\u0131nda bir araya gelip Suriye&#8217;deki krize \u00e7\u00f6z\u00fcm bulma yollar\u0131n\u0131 g\u00f6r\u00fc\u015feceklerini ilan etti<\/p>\n","protected":false},"excerpt":{"rendered":"<p>Rusya Ba\u015fkanl\u0131k Saray\u0131 Kremlin; Rusya Ba\u015fkan\u0131 Vladimir Putin ve ABD\u2019li Mevkida\u015f\u0131 Barack Obama\u2019n\u0131n \u00c7in\u2019de d\u00fczenlenecek zirve \u00e7al\u0131\u015fmalar\u0131 kapsam\u0131nda bir araya gelip Suriye&#8217;deki krize \u00e7\u00f6z\u00fcm bulma yollar\u0131n\u0131 g\u00f6r\u00fc\u015feceklerini ilan etti<\/p>\n","protected":false},"author":1,"featured_media":0,"comment_status":"closed","ping_status":"closed","sticky":false,"template":"","format":"standard","meta":{"footnotes":""},"categories":[17991],"tags":[],"class_list":["post-85856","post","type-post","status-publish","format-standard","","category-son-dakika"],"_links":{"self":[{"href":"https:\/\/archive.sana.sy\/tr\/index.php?rest_route=\/wp\/v2\/posts\/85856","targetHints":{"allow":["GET"]}}],"collection":[{"href":"https:\/\/archive.sana.sy\/tr\/index.php?rest_route=\/wp\/v2\/posts"}],"about":[{"href":"https:\/\/archive.sana.sy\/tr\/index.php?rest_route=\/wp\/v2\/types\/post"}],"author":[{"embeddable":true,"href":"https:\/\/archive.sana.sy\/tr\/index.php?rest_route=\/wp\/v2\/users\/1"}],"replies":[{"embeddable":true,"href":"https:\/\/archive.sana.sy\/tr\/index.php?rest_route=%2Fwp%2Fv2%2Fcomments&post=85856"}],"version-history":[{"count":0,"href":"https:\/\/archive.sana.sy\/tr\/index.php?rest_route=\/wp\/v2\/posts\/85856\/revisions"}],"wp:attachment":[{"href":"https:\/\/archive.sana.sy\/tr\/index.php?rest_route=%2Fwp%2Fv2%2Fmedia&parent=85856"}],"wp:term":[{"taxonomy":"category","embeddable":true,"href":"https:\/\/archive.sana.sy\/tr\/index.php?rest_route=%2Fwp%2Fv2%2Fcategories&post=85856"},{"taxonomy":"post_tag","embeddable":true,"href":"https:\/\/archive.sana.sy\/tr\/index.php?rest_route=%2Fwp%2Fv2%2Ftags&post=85856"}],"curies":[{"name":"wp","href":"https:\/\/api.w.org\/{rel}","templated":true}]}}