{"id":85857,"date":"2016-08-31T11:17:29","date_gmt":"2016-08-31T08:17:29","guid":{"rendered":"http:\/\/www.sana.sy\/tr\/?p=85857"},"modified":"2016-08-31T14:21:46","modified_gmt":"2016-08-31T11:21:46","slug":"homs-valisi-telal-el-berazi-homs-kentinin-bati-kenarlarina-dusen-vaer-semtinin-silah-ve-terorden-arindirilmasi-amaciyla-daha-once-mevcut-anlasmanin-tum-bentlerini-hayata-gecirmeye-hazirlik-olarak-semt","status":"publish","type":"post","link":"https:\/\/archive.sana.sy\/tr\/?p=85857","title":{"rendered":"Homs Valisi Telal el Berazi Homs Kentinin bat\u0131 kenarlar\u0131na d\u00fc\u015fen Vaer Semtinin silah ve ter\u00f6rden ar\u0131nd\u0131r\u0131lmas\u0131 amac\u0131yla daha \u00f6nce mevcut anla\u015fman\u0131n t\u00fcm bentlerini hayata ge\u00e7irmeye haz\u0131rl\u0131k olarak semtte \u00e7at\u0131\u015fmalar\u0131 durdurma ittifak\u0131n\u0131n sa\u011fland\u0131\u011f\u0131n\u0131 belirtti"},"content":{"rendered":"<p>Homs Valisi Telal el Berazi Homs Kentinin bat\u0131 kenarlar\u0131na d\u00fc\u015fen Vaer Semtinin silah ve ter\u00f6rden ar\u0131nd\u0131r\u0131lmas\u0131 amac\u0131yla daha \u00f6nce mevcut anla\u015fman\u0131n t\u00fcm bentlerini hayata ge\u00e7irmeye haz\u0131rl\u0131k olarak semtte \u00e7at\u0131\u015fmalar\u0131 durdurma ittifak\u0131n\u0131n sa\u011fland\u0131\u011f\u0131n\u0131 belirtti<\/p>\n","protected":false},"excerpt":{"rendered":"<p>Homs Valisi Telal el Berazi Homs Kentinin bat\u0131 kenarlar\u0131na d\u00fc\u015fen Vaer Semtinin silah ve ter\u00f6rden ar\u0131nd\u0131r\u0131lmas\u0131 amac\u0131yla daha \u00f6nce mevcut anla\u015fman\u0131n t\u00fcm bentlerini hayata ge\u00e7irmeye haz\u0131rl\u0131k olarak semtte \u00e7at\u0131\u015fmalar\u0131 durdurma ittifak\u0131n\u0131n sa\u011fland\u0131\u011f\u0131n\u0131 belirtti<\/p>\n","protected":false},"author":1,"featured_media":0,"comment_status":"closed","ping_status":"closed","sticky":false,"template":"","format":"standard","meta":{"footnotes":""},"categories":[17991],"tags":[],"class_list":["post-85857","post","type-post","status-publish","format-standard","","category-son-dakika"],"_links":{"self":[{"href":"https:\/\/archive.sana.sy\/tr\/index.php?rest_route=\/wp\/v2\/posts\/85857","targetHints":{"allow":["GET"]}}],"collection":[{"href":"https:\/\/archive.sana.sy\/tr\/index.php?rest_route=\/wp\/v2\/posts"}],"about":[{"href":"https:\/\/archive.sana.sy\/tr\/index.php?rest_route=\/wp\/v2\/types\/post"}],"author":[{"embeddable":true,"href":"https:\/\/archive.sana.sy\/tr\/index.php?rest_route=\/wp\/v2\/users\/1"}],"replies":[{"embeddable":true,"href":"https:\/\/archive.sana.sy\/tr\/index.php?rest_route=%2Fwp%2Fv2%2Fcomments&post=85857"}],"version-history":[{"count":0,"href":"https:\/\/archive.sana.sy\/tr\/index.php?rest_route=\/wp\/v2\/posts\/85857\/revisions"}],"wp:attachment":[{"href":"https:\/\/archive.sana.sy\/tr\/index.php?rest_route=%2Fwp%2Fv2%2Fmedia&parent=85857"}],"wp:term":[{"taxonomy":"category","embeddable":true,"href":"https:\/\/archive.sana.sy\/tr\/index.php?rest_route=%2Fwp%2Fv2%2Fcategories&post=85857"},{"taxonomy":"post_tag","embeddable":true,"href":"https:\/\/archive.sana.sy\/tr\/index.php?rest_route=%2Fwp%2Fv2%2Ftags&post=85857"}],"curies":[{"name":"wp","href":"https:\/\/api.w.org\/{rel}","templated":true}]}}